{"id":33399,"date":"2018-05-18T18:39:36","date_gmt":"2018-05-18T21:39:36","guid":{"rendered":"https:\/\/eldiariodesanpedro.com.ar\/sitio\/?p=33399"},"modified":"2018-05-18T18:39:36","modified_gmt":"2018-05-18T21:39:36","slug":"la-cgt-regional-presentara-una-lista-en-las-elecciones-de-coopser","status":"publish","type":"post","link":"https:\/\/eldiariodesanpedro.com.ar\/sitio\/la-cgt-regional-presentara-una-lista-en-las-elecciones-de-coopser\/","title":{"rendered":"La CGT Regional presentar\u00e1 una lista en las elecciones de COOPSER"},"content":{"rendered":"<p><!-- VideographyWP Plugin Message: Automatic video embedding prevented by plugin options. --><br \/>\nJuan Cruz Acosta y Ra\u00fal Ben\u00edtez en representaci\u00f3n del Sindicato de municipales e integrantes de la Secretar\u00eda Regional San Pedro-Baradero, en dialogo con El diario de San Pedro contaron c\u00f3mo sucedi\u00f3 la amenaza recibida por un trabajador municipal encargado de controlar el estacionamiento medido en las calles de nuestra ciudad.<\/p>\n<p>  Ben\u00edtez cont\u00f3 que se encontr\u00f3 con Claudio, el trabajador en cuesti\u00f3n, en la Comisar\u00eda de nuestra localidad, not\u00e1ndolo muy angustiado y asustado. \u00c9l estaba realizando una denuncia contra un hombre que lo amenaz\u00f3 de muerte en la calle.<\/p>\n<p>  Aparentemente, el agresor, que seg\u00fan refirieron ser\u00eda el due\u00f1o de un geri\u00e1trico c\u00e9ntrico que d\u00edas atr\u00e1s fue inspeccionado, le habr\u00eda dicho a Claudio que lo iba a apu\u00f1alar y cag\u2026 a palos. El motivo de semejante agresi\u00f3n es desconocido, pero supone Claudio que responder\u00eda a que el d\u00eda anterior le hab\u00eda colocado un aviso para pagar estacionamiento al auto del hijo del agresor.<\/p>\n<p>  Tanto Ben\u00edtez como Acosta saben que los trabajadores del estacionamiento medido suelen recibir alg\u00fan tipo de queja o insulto, que m\u00e1s all\u00e1 que no sean adecuados ni correspondan, es ahbitual. Pero nunca hab\u00edan tenido un caso de amenaza de muerte tal como la que recibi\u00f3 Claudio.<\/p>\n<p>  A ra\u00edz de esta situaci\u00f3n es que se reunieron con Roleri a quien le transmitieron esta situaci\u00f3n y, al que le exigieron se tomen cartas en el asunto para cuidar a estos trabajadores. <\/p>\n<p>  Continuando con la entrevista, se deriv\u00f3 en el tema de puestos laborales en nuestra ciudad y Acosta cont\u00f3 que la empresa Pl\u00e1sticos Paladino sita en R\u00edo Tala que recientemente hab\u00eda tenido inconvenientes por tener trabajadores en negro, ya hab\u00eda regularizado la situaci\u00f3n de todos los trabajadores. \u201cest\u00e1n todos los trabajadores en blanco y cumplimentando las normativas de seguridad e higiene correspondientes\u201d detall\u00f3 Juan Cruz. <\/p>\n<p>Adem\u00e1s, dijo que el due\u00f1o de esta empresa pr\u00f3ximamente emprender\u00eda una empresa de reciclado de los bidones utilizados en agricultura, bidones que han contenido contaminantes qu\u00edmicos y cancer\u00edgenos. Lo que generar\u00eda m\u00e1s puestos de trabajo en la zona y alrededores.<\/p>\n<p>  \u201cEst\u00e1 la propuesta y falta la autorizaci\u00f3n de Intendente, con quien ya hemos hablado y est\u00e1 interesado en conocer m\u00e1s del proyecto\u201d explicaron.<br \/>\n  Adem\u00e1s, contaron que el due\u00f1o de la empresa Pl\u00e1sticos Paladino les hab\u00eda agradecido porque gracias a regularizar la empresa, hab\u00edan logrado incrementar su producci\u00f3n, y que si todo esto continuaba as\u00ed tambi\u00e9n requerir\u00eda m\u00e1s trabajadores para esta empresa.<\/p>\n<p>  Al finalizar la entrevista, ambos dirigentes se\u00f1alaron que muchas empresas no pueden radicarse en nuestra ciudad por la falta de soporte energ\u00e9tico y aseveraron que COOPSER cuenta con el equipamiento necesario (comprado hace ya varios a\u00f1os y depositado en el obrador) para dar soporte energ\u00e9tico suficiente para la instalaci\u00f3n de empresas en la zona. \u201cHay un aparato en el obrador de la COOPSER comprado hace mucho tiempo que, funcionando habr\u00eda electricidad para 3 o 4 ciudades m\u00e1s como la nuestra; no s\u00e9 porqu\u00e9 no est\u00e1 funcionando\u201d dijo Acosta.<\/p>\n<p>  \u201cVamos a pedir urgentemente una reuni\u00f3n con los directivos de la Cooperativa para empaparnos de este tema y otros m\u00e1s, que nos expliquen porqu\u00e9 este aparato est\u00e1 en el obrador y no funcionando\u201d ratificaron.<\/p>\n<p>En ese sentido, Juan Cruz Acosta, explic\u00f3 que \u201cel s\u00e1bado se va a hacer una reuni\u00f3n\u201d, \u201cse est\u00e1 charlando con varios gremios que estamos dentro de la CGT San Pedro \u2013 Baradero\u201d y agreg\u00f3: \u201cSe va a convocar a todo ciudadano que quiera participar ser\u00e1n bienvenidos para armar lista dentro de la cooperativa\u201d.<\/p>\n<p>\u201cNo consultamos a todos pero ya hay 15 gremios que est\u00e1n dispuestos a participar\u201d, sostuvo.<\/p>\n","protected":false},"excerpt":{"rendered":"<p>Juan Cruz Acosta y Ra\u00fal Ben\u00edtez en representaci\u00f3n del Sindicato de municipales e integrantes de la Secretar\u00eda Regional San Pedro-Baradero, en dialogo con El diario de San Pedro contaron c\u00f3mo sucedi\u00f3 la amenaza recibida por un trabajador municipal encargado de controlar el estacionamiento medido en las calles de nuestra ciudad. Ben\u00edtez cont\u00f3 que se encontr\u00f3 [&hellip;]<\/p>\n","protected":false},"author":4,"featured_media":33400,"comment_status":"open","ping_status":"closed","sticky":false,"template":"","format":"standard","meta":{"om_disable_all_campaigns":false,"_jetpack_memberships_contains_paid_content":false,"footnotes":""},"categories":[101,2],"tags":[],"class_list":["post-33399","post","type-post","status-publish","format-standard","has-post-thumbnail","hentry","category-interes-general-locales","category-locales"],"aioseo_notices":[],"gutentor_comment":0,"jetpack_featured_media_url":"https:\/\/eldiariodesanpedro.com.ar\/sitio\/wp-content\/uploads\/2018\/05\/PAGINA-5-2.jpeg","jetpack_shortlink":"https:\/\/wp.me\/p6RhLt-8GH","jetpack_sharing_enabled":true,"_links":{"self":[{"href":"https:\/\/eldiariodesanpedro.com.ar\/sitio\/wp-json\/wp\/v2\/posts\/33399","targetHints":{"allow":["GET"]}}],"collection":[{"href":"https:\/\/eldiariodesanpedro.com.ar\/sitio\/wp-json\/wp\/v2\/posts"}],"about":[{"href":"https:\/\/eldiariodesanpedro.com.ar\/sitio\/wp-json\/wp\/v2\/types\/post"}],"author":[{"embeddable":true,"href":"https:\/\/eldiariodesanpedro.com.ar\/sitio\/wp-json\/wp\/v2\/users\/4"}],"replies":[{"embeddable":true,"href":"https:\/\/eldiariodesanpedro.com.ar\/sitio\/wp-json\/wp\/v2\/comments?post=33399"}],"version-history":[{"count":1,"href":"https:\/\/eldiariodesanpedro.com.ar\/sitio\/wp-json\/wp\/v2\/posts\/33399\/revisions"}],"predecessor-version":[{"id":33401,"href":"https:\/\/eldiariodesanpedro.com.ar\/sitio\/wp-json\/wp\/v2\/posts\/33399\/revisions\/33401"}],"wp:featuredmedia":[{"embeddable":true,"href":"https:\/\/eldiariodesanpedro.com.ar\/sitio\/wp-json\/wp\/v2\/media\/33400"}],"wp:attachment":[{"href":"https:\/\/eldiariodesanpedro.com.ar\/sitio\/wp-json\/wp\/v2\/media?parent=33399"}],"wp:term":[{"taxonomy":"category","embeddable":true,"href":"https:\/\/eldiariodesanpedro.com.ar\/sitio\/wp-json\/wp\/v2\/categories?post=33399"},{"taxonomy":"post_tag","embeddable":true,"href":"https:\/\/eldiariodesanpedro.com.ar\/sitio\/wp-json\/wp\/v2\/tags?post=33399"}],"curies":[{"name":"wp","href":"https:\/\/api.w.org\/{rel}","templated":true}]}}