{"id":33396,"date":"2018-05-18T18:16:14","date_gmt":"2018-05-18T21:16:14","guid":{"rendered":"https:\/\/eldiariodesanpedro.com.ar\/sitio\/?p=33396"},"modified":"2018-05-18T18:16:14","modified_gmt":"2018-05-18T21:16:14","slug":"esteban-bullrich-visitara-nuestra-ciudad","status":"publish","type":"post","link":"https:\/\/eldiariodesanpedro.com.ar\/sitio\/esteban-bullrich-visitara-nuestra-ciudad\/","title":{"rendered":"Esteban Bullrich visitar\u00e1 nuestra ciudad"},"content":{"rendered":"<p><!-- VideographyWP Plugin Message: Automatic video embedding prevented by plugin options. --><br \/>\nEl Senador Nacional por la Provincia de Buenos Aires, Esteban Bullrich visitar\u00e1 este lunes San Pedro para cumplir con una serie de actividades coordinadas desde Subsecretar\u00eda de Desarrollo Econ\u00f3mico de la Municipalidad de San Pedro.<\/p>\n<p>El legislador junto a un grupo de funcionarios del Ministerio de Agroindustria de Provincia de Buenos Aires ofrecer\u00e1 a las 10.45 una conferencia de prensa en el restaurante del Club N\u00e1utico y posteriormente compartir\u00e1 all\u00ed una charla con representantes de la Mesa Multisectorial y productores para recibir inquietudes del sector que puedan incrementar las pol\u00edticas activas relacionadas con un sector que ha sido central en la econom\u00eda de San Pedro y que est\u00e1 recorriendo un camino de recuperaci\u00f3n en el que el acompa\u00f1amiento de los gobiernos nacional, provincial y local son fundamentales.<\/p>\n","protected":false},"excerpt":{"rendered":"<p>El Senador Nacional por la Provincia de Buenos Aires, Esteban Bullrich visitar\u00e1 este lunes San Pedro para cumplir con una serie de actividades coordinadas desde Subsecretar\u00eda de Desarrollo Econ\u00f3mico de la Municipalidad de San Pedro. El legislador junto a un grupo de funcionarios del Ministerio de Agroindustria de Provincia de Buenos Aires ofrecer\u00e1 a las [&hellip;]<\/p>\n","protected":false},"author":4,"featured_media":33397,"comment_status":"open","ping_status":"closed","sticky":false,"template":"","format":"standard","meta":{"om_disable_all_campaigns":false,"_jetpack_memberships_contains_paid_content":false,"footnotes":""},"categories":[2,102],"tags":[],"class_list":["post-33396","post","type-post","status-publish","format-standard","has-post-thumbnail","hentry","category-locales","category-politica-locales"],"aioseo_notices":[],"gutentor_comment":0,"jetpack_featured_media_url":"https:\/\/eldiariodesanpedro.com.ar\/sitio\/wp-content\/uploads\/2018\/05\/esteban_bullrich.jpg_525981578.jpg","jetpack_shortlink":"https:\/\/wp.me\/p6RhLt-8GE","jetpack_sharing_enabled":true,"_links":{"self":[{"href":"https:\/\/eldiariodesanpedro.com.ar\/sitio\/wp-json\/wp\/v2\/posts\/33396","targetHints":{"allow":["GET"]}}],"collection":[{"href":"https:\/\/eldiariodesanpedro.com.ar\/sitio\/wp-json\/wp\/v2\/posts"}],"about":[{"href":"https:\/\/eldiariodesanpedro.com.ar\/sitio\/wp-json\/wp\/v2\/types\/post"}],"author":[{"embeddable":true,"href":"https:\/\/eldiariodesanpedro.com.ar\/sitio\/wp-json\/wp\/v2\/users\/4"}],"replies":[{"embeddable":true,"href":"https:\/\/eldiariodesanpedro.com.ar\/sitio\/wp-json\/wp\/v2\/comments?post=33396"}],"version-history":[{"count":1,"href":"https:\/\/eldiariodesanpedro.com.ar\/sitio\/wp-json\/wp\/v2\/posts\/33396\/revisions"}],"predecessor-version":[{"id":33398,"href":"https:\/\/eldiariodesanpedro.com.ar\/sitio\/wp-json\/wp\/v2\/posts\/33396\/revisions\/33398"}],"wp:featuredmedia":[{"embeddable":true,"href":"https:\/\/eldiariodesanpedro.com.ar\/sitio\/wp-json\/wp\/v2\/media\/33397"}],"wp:attachment":[{"href":"https:\/\/eldiariodesanpedro.com.ar\/sitio\/wp-json\/wp\/v2\/media?parent=33396"}],"wp:term":[{"taxonomy":"category","embeddable":true,"href":"https:\/\/eldiariodesanpedro.com.ar\/sitio\/wp-json\/wp\/v2\/categories?post=33396"},{"taxonomy":"post_tag","embeddable":true,"href":"https:\/\/eldiariodesanpedro.com.ar\/sitio\/wp-json\/wp\/v2\/tags?post=33396"}],"curies":[{"name":"wp","href":"https:\/\/api.w.org\/{rel}","templated":true}]}}