{"id":33391,"date":"2018-05-18T10:57:17","date_gmt":"2018-05-18T13:57:17","guid":{"rendered":"https:\/\/eldiariodesanpedro.com.ar\/sitio\/?p=33391"},"modified":"2018-05-18T10:59:17","modified_gmt":"2018-05-18T13:59:17","slug":"se-detuvo-al-asesino-de-sandra-martinez","status":"publish","type":"post","link":"https:\/\/eldiariodesanpedro.com.ar\/sitio\/se-detuvo-al-asesino-de-sandra-martinez\/","title":{"rendered":"Se detuvo al asesino de Sandra Martinez"},"content":{"rendered":"<p><!-- VideographyWP Plugin Message: Automatic video embedding prevented by plugin options. --><br \/>\nSu madre biol\u00f3gica falleci\u00f3 este jueves a la madrugada y la car\u00e1tula cambi\u00f3 a homicidio agravado por el vinculo por lo que el fiscal de la causa ordeno su detenci\u00f3n.<\/p>\n<p>Este jueves en las primeras horas del d\u00eda se conoci\u00f3 la muerte de Sandra Mart\u00ednez de 52 a\u00f1os de edad quien se encontraba internada en un sanatorio de la ciudad de La Plata tras recibir un golpe en la cabeza por parte de su hijo en un complejo episodio.<\/p>\n<p>A ra\u00edz de esto se realiza por la tarde una allanamiento en el domicilio ubicado en calle Rojas al 2000 donde reside Mat\u00edas Gonzalez de 35 a\u00f1os hijo y agresor de la victima, cabe recordar que en este lugar fue donde se produjo el conflicto familiar.<\/p>\n<p>Gonz\u00e1lez qued\u00f3 aprehendido en la Comisar\u00eda de San Pedro a disposici\u00f3n de la Justicia. Interviene en la causa la Fiscala Viviana Ramos que anteriormente hab\u00eda instruido una causa por \u201clesiones\u201d que ahora deber\u00e1 ser caratulada como \u201chomicidio agravado por el v\u00ednculo\u201d. <\/p>\n<p>El Diario de San Pedro entrevisto al acusado del hecho donde el brindo su declaraci\u00f3n despu\u00e9s de lo ocurrido : \u201cDespu\u00e9s de matarnos a palos, rompernos toda la casa, sacar a las nenas del pelo afuera, nos resistimos porque no quer\u00edamos dejar la casa. Sandra se baja de un auto para querer entrar a mi casa y yo agarr\u00e9 un palo y le pegu\u00e9, pero no me acuerdo puntualmente de ese momento, s\u00f3lo que el polic\u00eda me dec\u00eda que parara. Me detuvieron, estuve hospitalizado. Yo tampoco me acuerdo quien me apu\u00f1al\u00f3, fue una situaci\u00f3n horrible\u201d.<\/p>\n<p>Mat\u00edas en entrevista con El Diario de San Pedro declaro que su madre biol\u00f3gica es Sandra Mart\u00ednez. Ellos son 8 hermanos abandonados por la madre. \u00c9l nunca tuvo trato con sus hermanos, su madre lo abandon\u00f3, luego lo secuestr\u00f3 a los 2 a\u00f1os y lo dej\u00f3 nuevamente abandonado y en mal estado.<\/p>\n<p>Despu\u00e9s de muchos a\u00f1os, hace aproximadamente 8 a\u00f1os atr\u00e1s, ella volvi\u00f3 a aparecer en sus vidas, cont\u00f3 Mat\u00edas. \u201cMi mam\u00e1 se fue acercando con la intenci\u00f3n de comprarme un departamento que yo ten\u00eda, mi fallecido abuelo me lo hab\u00eda dejado\u201d explic\u00f3.<\/p>\n<p>NOTA REALIZADA A MATIAS GONZALEZ DIAS DESPUES QUE SE CONOCIERA EL HECHO<\/p>\n<p><iframe data-src=\"https:\/\/www.facebook.com\/plugins\/video.php?href=https%3A%2F%2Fwww.facebook.com%2Feldiario.desanpedro%2Fvideos%2F759492047593270%2F&#038;show_text=0&#038;width=560\" width=\"560\" height=\"315\" style=\"border:none;overflow:hidden\" scrolling=\"no\" frameborder=\"0\" allowTransparency=\"true\" allowFullScreen=\"true\" src=\"data:image\/svg+xml;base64,PHN2ZyB3aWR0aD0iMSIgaGVpZ2h0PSIxIiB4bWxucz0iaHR0cDovL3d3dy53My5vcmcvMjAwMC9zdmciPjwvc3ZnPg==\" class=\"lazyload\" data-load-mode=\"1\"><\/iframe><\/p>\n","protected":false},"excerpt":{"rendered":"<p>Su madre biol\u00f3gica falleci\u00f3 este jueves a la madrugada y la car\u00e1tula cambi\u00f3 a homicidio agravado por el vinculo por lo que el fiscal de la causa ordeno su detenci\u00f3n. Este jueves en las primeras horas del d\u00eda se conoci\u00f3 la muerte de Sandra Mart\u00ednez de 52 a\u00f1os de edad quien se encontraba internada en [&hellip;]<\/p>\n","protected":false},"author":4,"featured_media":33392,"comment_status":"open","ping_status":"closed","sticky":false,"template":"","format":"standard","meta":{"om_disable_all_campaigns":false,"_jetpack_memberships_contains_paid_content":false,"footnotes":""},"categories":[50,2,103],"tags":[],"class_list":["post-33391","post","type-post","status-publish","format-standard","has-post-thumbnail","hentry","category-destacadas","category-locales","category-policiales-locales"],"aioseo_notices":[],"gutentor_comment":0,"jetpack_featured_media_url":"https:\/\/eldiariodesanpedro.com.ar\/sitio\/wp-content\/uploads\/2018\/05\/Mat\u00edas-Gonz\u00e1lez.jpeg","jetpack_shortlink":"https:\/\/wp.me\/p6RhLt-8Gz","jetpack_sharing_enabled":true,"_links":{"self":[{"href":"https:\/\/eldiariodesanpedro.com.ar\/sitio\/wp-json\/wp\/v2\/posts\/33391","targetHints":{"allow":["GET"]}}],"collection":[{"href":"https:\/\/eldiariodesanpedro.com.ar\/sitio\/wp-json\/wp\/v2\/posts"}],"about":[{"href":"https:\/\/eldiariodesanpedro.com.ar\/sitio\/wp-json\/wp\/v2\/types\/post"}],"author":[{"embeddable":true,"href":"https:\/\/eldiariodesanpedro.com.ar\/sitio\/wp-json\/wp\/v2\/users\/4"}],"replies":[{"embeddable":true,"href":"https:\/\/eldiariodesanpedro.com.ar\/sitio\/wp-json\/wp\/v2\/comments?post=33391"}],"version-history":[{"count":3,"href":"https:\/\/eldiariodesanpedro.com.ar\/sitio\/wp-json\/wp\/v2\/posts\/33391\/revisions"}],"predecessor-version":[{"id":33395,"href":"https:\/\/eldiariodesanpedro.com.ar\/sitio\/wp-json\/wp\/v2\/posts\/33391\/revisions\/33395"}],"wp:featuredmedia":[{"embeddable":true,"href":"https:\/\/eldiariodesanpedro.com.ar\/sitio\/wp-json\/wp\/v2\/media\/33392"}],"wp:attachment":[{"href":"https:\/\/eldiariodesanpedro.com.ar\/sitio\/wp-json\/wp\/v2\/media?parent=33391"}],"wp:term":[{"taxonomy":"category","embeddable":true,"href":"https:\/\/eldiariodesanpedro.com.ar\/sitio\/wp-json\/wp\/v2\/categories?post=33391"},{"taxonomy":"post_tag","embeddable":true,"href":"https:\/\/eldiariodesanpedro.com.ar\/sitio\/wp-json\/wp\/v2\/tags?post=33391"}],"curies":[{"name":"wp","href":"https:\/\/api.w.org\/{rel}","templated":true}]}}