{"id":33389,"date":"2018-05-18T10:43:08","date_gmt":"2018-05-18T13:43:08","guid":{"rendered":"https:\/\/eldiariodesanpedro.com.ar\/sitio\/?p=33389"},"modified":"2018-05-18T10:43:08","modified_gmt":"2018-05-18T13:43:08","slug":"dos-delincuentes-amenazaron-a-una-mujer-que-los-descubrio-cuando-robaban","status":"publish","type":"post","link":"https:\/\/eldiariodesanpedro.com.ar\/sitio\/dos-delincuentes-amenazaron-a-una-mujer-que-los-descubrio-cuando-robaban\/","title":{"rendered":"Dos delincuentes amenazaron a una mujer que los descubri\u00f3 cuando robaban"},"content":{"rendered":"<p><!-- VideographyWP Plugin Message: Automatic video embedding prevented by plugin options. --><br \/>\nUna mujer de 41 a\u00f1os denunci\u00f3 en la comisaria local que fue amenazada por dos delincuentes que quisieron ingresar a su domicilio, la misma los descubre en el patio de su casa y en ese momento mediante gritos logra ahuyentar a los delincuentes que al momento de darse a la fuga amenazan con arma de fuego a la propietaria desde el techo.<\/p>\n<p>El hecho ocurri\u00f3 en horas del mediod\u00eda del jueves, cuando una mujer de 41 a\u00f1os domiciliada en calle Ayacucho 951, desde adentro de su casa escucha ruidos en el patio, al observar para afuera se da cuenta que dos malvivientes intentan ingresar forzando una puerta que da la calle e inmediatamente, en estados de nervios, la propietaria comienza a gritar pidiendo ayuda.<\/p>\n<p>Estos dos delincuentes se dan a la fuga subiendo al techo de la vecina y desde lo alto amenazan de muerte a la propietaria con un arma de fuego y luego se retiran del lugar.<\/p>\n<p>M\u00f3vil policial se hace presente en el lugar acompa\u00f1ando luego a la propietaria hacer la denuncia correspondiente.<\/p>\n","protected":false},"excerpt":{"rendered":"<p>Una mujer de 41 a\u00f1os denunci\u00f3 en la comisaria local que fue amenazada por dos delincuentes que quisieron ingresar a su domicilio, la misma los descubre en el patio de su casa y en ese momento mediante gritos logra ahuyentar a los delincuentes que al momento de darse a la fuga amenazan con arma de [&hellip;]<\/p>\n","protected":false},"author":4,"featured_media":16982,"comment_status":"open","ping_status":"closed","sticky":false,"template":"","format":"standard","meta":{"om_disable_all_campaigns":false,"_jetpack_memberships_contains_paid_content":false,"footnotes":""},"categories":[2,103],"tags":[],"class_list":["post-33389","post","type-post","status-publish","format-standard","has-post-thumbnail","hentry","category-locales","category-policiales-locales"],"aioseo_notices":[],"gutentor_comment":0,"jetpack_featured_media_url":"https:\/\/eldiariodesanpedro.com.ar\/sitio\/wp-content\/uploads\/2017\/04\/DSC_0215-e1492514874414.jpg","jetpack_shortlink":"https:\/\/wp.me\/p6RhLt-8Gx","jetpack_sharing_enabled":true,"_links":{"self":[{"href":"https:\/\/eldiariodesanpedro.com.ar\/sitio\/wp-json\/wp\/v2\/posts\/33389","targetHints":{"allow":["GET"]}}],"collection":[{"href":"https:\/\/eldiariodesanpedro.com.ar\/sitio\/wp-json\/wp\/v2\/posts"}],"about":[{"href":"https:\/\/eldiariodesanpedro.com.ar\/sitio\/wp-json\/wp\/v2\/types\/post"}],"author":[{"embeddable":true,"href":"https:\/\/eldiariodesanpedro.com.ar\/sitio\/wp-json\/wp\/v2\/users\/4"}],"replies":[{"embeddable":true,"href":"https:\/\/eldiariodesanpedro.com.ar\/sitio\/wp-json\/wp\/v2\/comments?post=33389"}],"version-history":[{"count":1,"href":"https:\/\/eldiariodesanpedro.com.ar\/sitio\/wp-json\/wp\/v2\/posts\/33389\/revisions"}],"predecessor-version":[{"id":33390,"href":"https:\/\/eldiariodesanpedro.com.ar\/sitio\/wp-json\/wp\/v2\/posts\/33389\/revisions\/33390"}],"wp:featuredmedia":[{"embeddable":true,"href":"https:\/\/eldiariodesanpedro.com.ar\/sitio\/wp-json\/wp\/v2\/media\/16982"}],"wp:attachment":[{"href":"https:\/\/eldiariodesanpedro.com.ar\/sitio\/wp-json\/wp\/v2\/media?parent=33389"}],"wp:term":[{"taxonomy":"category","embeddable":true,"href":"https:\/\/eldiariodesanpedro.com.ar\/sitio\/wp-json\/wp\/v2\/categories?post=33389"},{"taxonomy":"post_tag","embeddable":true,"href":"https:\/\/eldiariodesanpedro.com.ar\/sitio\/wp-json\/wp\/v2\/tags?post=33389"}],"curies":[{"name":"wp","href":"https:\/\/api.w.org\/{rel}","templated":true}]}}