{"id":33385,"date":"2018-05-17T20:44:19","date_gmt":"2018-05-17T23:44:19","guid":{"rendered":"https:\/\/eldiariodesanpedro.com.ar\/sitio\/?p=33385"},"modified":"2026-01-24T00:13:35","modified_gmt":"2026-01-24T03:13:35","slug":"futbol-local-buena-propuesta-para-el-sabado-las-palmeras-recibe-a-atletico","status":"publish","type":"post","link":"https:\/\/eldiariodesanpedro.com.ar\/sitio\/futbol-local-buena-propuesta-para-el-sabado-las-palmeras-recibe-a-atletico\/","title":{"rendered":"F\u00daTBOL LOCAL: Buena propuesta para el s\u00e1bado: Las Palmeras recibe a Atl\u00e9tico"},"content":{"rendered":"<p><!-- VideographyWP Plugin Message: Automatic video embedding prevented by plugin options. --><br \/>\nEn el \u00faltimo bolet\u00edn de la Liga se dio a conocer que los partidos de Las Palmeras ante Atl\u00e9tico y San Roque con Alsina se disputar\u00e1n el s\u00e1bado, mientras que el domingo lo har\u00e1n Agricultores-Sportivo, Banfield-I. Portela, Am\u00e9rica-Fundici\u00f3n, Independencia-Rivadavia y San Mart\u00edn-CADU.<\/p>\n","protected":false},"excerpt":{"rendered":"<p>En el \u00faltimo bolet\u00edn de la Liga se dio a conocer que los partidos de Las Palmeras ante Atl\u00e9tico y San Roque con Alsina se disputar\u00e1n el s\u00e1bado, mientras que el domingo lo har\u00e1n Agricultores-Sportivo, Banfield-I. Portela, Am\u00e9rica-Fundici\u00f3n, Independencia-Rivadavia y San Mart\u00edn-CADU.<\/p>\n","protected":false},"author":4,"featured_media":21255,"comment_status":"open","ping_status":"closed","sticky":false,"template":"","format":"standard","meta":{"om_disable_all_campaigns":false,"_jetpack_memberships_contains_paid_content":false,"footnotes":""},"categories":[5],"tags":[],"class_list":["post-33385","post","type-post","status-publish","format-standard","has-post-thumbnail","hentry","category-deportes"],"aioseo_notices":[],"gutentor_comment":0,"jetpack_featured_media_url":"https:\/\/eldiariodesanpedro.com.ar\/sitio\/wp-content\/uploads\/2017\/07\/futbol-arco.jpg","jetpack_shortlink":"https:\/\/wp.me\/p6RhLt-8Gt","jetpack_sharing_enabled":true,"_links":{"self":[{"href":"https:\/\/eldiariodesanpedro.com.ar\/sitio\/wp-json\/wp\/v2\/posts\/33385","targetHints":{"allow":["GET"]}}],"collection":[{"href":"https:\/\/eldiariodesanpedro.com.ar\/sitio\/wp-json\/wp\/v2\/posts"}],"about":[{"href":"https:\/\/eldiariodesanpedro.com.ar\/sitio\/wp-json\/wp\/v2\/types\/post"}],"author":[{"embeddable":true,"href":"https:\/\/eldiariodesanpedro.com.ar\/sitio\/wp-json\/wp\/v2\/users\/4"}],"replies":[{"embeddable":true,"href":"https:\/\/eldiariodesanpedro.com.ar\/sitio\/wp-json\/wp\/v2\/comments?post=33385"}],"version-history":[{"count":1,"href":"https:\/\/eldiariodesanpedro.com.ar\/sitio\/wp-json\/wp\/v2\/posts\/33385\/revisions"}],"predecessor-version":[{"id":33387,"href":"https:\/\/eldiariodesanpedro.com.ar\/sitio\/wp-json\/wp\/v2\/posts\/33385\/revisions\/33387"}],"wp:featuredmedia":[{"embeddable":true,"href":"https:\/\/eldiariodesanpedro.com.ar\/sitio\/wp-json\/wp\/v2\/media\/21255"}],"wp:attachment":[{"href":"https:\/\/eldiariodesanpedro.com.ar\/sitio\/wp-json\/wp\/v2\/media?parent=33385"}],"wp:term":[{"taxonomy":"category","embeddable":true,"href":"https:\/\/eldiariodesanpedro.com.ar\/sitio\/wp-json\/wp\/v2\/categories?post=33385"},{"taxonomy":"post_tag","embeddable":true,"href":"https:\/\/eldiariodesanpedro.com.ar\/sitio\/wp-json\/wp\/v2\/tags?post=33385"}],"curies":[{"name":"wp","href":"https:\/\/api.w.org\/{rel}","templated":true}]}}