{"id":33383,"date":"2018-05-17T20:43:01","date_gmt":"2018-05-17T23:43:01","guid":{"rendered":"https:\/\/eldiariodesanpedro.com.ar\/sitio\/?p=33383"},"modified":"2026-01-24T00:13:35","modified_gmt":"2026-01-24T03:13:35","slug":"rural-bike-en-ramallo-importante-delegacion-de-nuestra-ciudad","status":"publish","type":"post","link":"https:\/\/eldiariodesanpedro.com.ar\/sitio\/rural-bike-en-ramallo-importante-delegacion-de-nuestra-ciudad\/","title":{"rendered":"RURAL BIKE: En Ramallo importante delegaci\u00f3n de nuestra ciudad"},"content":{"rendered":"<p><!-- VideographyWP Plugin Message: Automatic video embedding prevented by plugin options. --><br \/>\n  Con clima ideal para la pr\u00e1ctica del Rural Bike, luego de tanta lluvia se realiz\u00f3 el domingo en Ramallo una importante competencia que cont\u00f3 con la participaci\u00f3n de muy buen n\u00famero de participantes y un grupo de representantes de San Pedro de destacada actuaci\u00f3n, donde sobresalieron los podios de Pablo Mallo, Leonardo Chiarella, Agust\u00edn Ruiz, Luis \u00abChango\u00bb Aguilera y Rosana Belkis P\u00e9rez.<\/p>\n<p><em>Clasificaciones de los ciclistas sampedrinos:<\/em><\/p>\n<p><strong>Categor\u00eda: A-1<\/strong><br \/>\n1\u00b0 Juan Ignacio Colombini (Chacabuco)<br \/>\n2\u00b0 Daniel N\u00fa\u00f1ez (Luj\u00e1n)<br \/>\n3\u00b0 Carlos Iaria (Chacabuco)<br \/>\n4\u00b0 Iv\u00e1n Polverigiani (San Nicol\u00e1s)<br \/>\n5\u00b0 Sebasti\u00e1n \u00c1lvarez (Arrecifes)<br \/>\n6\u00b0 Francisco Elfante (San Pedro)<br \/>\n7\u00b0 Ariel Vel\u00e1zquez (Campana)<br \/>\n8\u00b0 David Palazzi (San Nicol\u00e1s)<br \/>\n9\u00b0 Federico Nieto (Marcos Ju\u00e1rez)<br \/>\n10\u00b0 Walter Albarenque (Z\u00e1rate)<\/p>\n<p><strong>Categor\u00eda: A-2<\/strong><br \/>\n1\u00b0 Alejandro Dolcemascolo (Chivilcoy)<br \/>\n2\u00b0 Agust\u00edn Ruiz (San Pedro)<br \/>\n3\u00b0 Maximiliano L\u00f3pez (Rojas)<br \/>\n4\u00b0 Juan Dolcemascolo (Chivilcoy)<br \/>\n5\u00b0 Agust\u00edn Ferrarotti (Luj\u00e1n)<br \/>\n6\u00b0 Carlos Vergara (Arrecifes)<br \/>\n7\u00b0 Mat\u00edas Sampol (San Pedro)<br \/>\n8\u00b0 Lucas Rubino (Chacabuco)<br \/>\n9\u00b0 Germ\u00e1n Franco (Baradero)<br \/>\n10\u00b0 Ignacio Gavilondo (Arrecifes)<br \/>\n14\u00b0 Juan Maseli (San Pedro)<\/p>\n<p><strong>Categor\u00eda: B-1<\/strong><br \/>\n1\u00b0 Miguel Marsili (Ramallo)<br \/>\n2\u00b0 Walter Santupery (Pergamino)<br \/>\n3\u00b0 Yani Avila (Luj\u00e1n)<br \/>\n4\u00b0 Lucas Jes\u00fas Anastazini (San Nicol\u00e1s)<br \/>\n5\u00b0 Mauro Petinari (San Nicol\u00e1s)<br \/>\n6\u00b0 Mart\u00edn Caprioti (Pergamino)<br \/>\n7\u00b0 Sebasti\u00e1n Machado (San Pedro)<br \/>\n8\u00b0 Luis Cesar Iba\u00f1ez (San Nicol\u00e1s)<br \/>\n9\u00b0 Nicol\u00e1s Abeledo (San Nicol\u00e1s)<br \/>\n10\u00b0 Gabriel Rodr\u00edguez (San Pedro)<br \/>\n11\u00b0 Lucas Ferreyra (San Pedro)<\/p>\n<p><strong>Categor\u00eda: B-2<\/strong><br \/>\n1\u00b0 Pablo Mallo (San Pedro)<br \/>\n2\u00b0 Leonardo Chiarella (San Pedro)<br \/>\n3\u00b0 Fabi\u00e1n Malacalza (Baradero)<br \/>\n4\u00b0 Marcos Castello (San Gregorio)<br \/>\n5\u00b0 Eduardo Reynoso (Ramallo)<br \/>\n6\u00b0 Sebasti\u00e1n S\u00e1nchez (San Nicol\u00e1s)<br \/>\n7\u00b0 Gonzalo Eguiguren (Luj\u00e1n)<br \/>\n8\u00b0 Iv\u00e1n Cejas (Arrecifes)<br \/>\n9\u00b0 Oscar Valles (San Nicol\u00e1s)<br \/>\n10\u00b0 Santiago Ventimiglia (San Nicol\u00e1s)<br \/>\n15\u00b0 Cristian Roldan (San Pedro)<\/p>\n<p><strong>Categor\u00eda: D-2<\/strong><br \/>\n1\u00b0 Jorge Cabrera (Chivilcoy)<br \/>\n2\u00b0 Miguel Cui\u00f1a (Venado Tuerto)<br \/>\n3\u00b0 Luis   Aguilera (San Pedro)<br \/>\n4\u00b0 Rub\u00e9n Valdez (San Nicol\u00e1s)<br \/>\n5\u00b0 Luis Batipeda (Ramallo)<br \/>\n6\u00b0 Juan Carlos Torriani (San Nicol\u00e1s)<\/p>\n<p><strong>Categor\u00eda: PROMO A DAMAS <\/strong><br \/>\n1\u00aa Alejandra Su\u00e1rez (Pergamino)<br \/>\n2\u00aa Rosana Belkis P\u00e9rez (San Pedro)<br \/>\n3\u00aa Sof\u00eda Antoneli (Ramallo)<br \/>\n4\u00aa Julia Tartabini (San Nicol\u00e1s)<br \/>\n5\u00aa Romina D\u00edaz (Ramallo)<br \/>\n6\u00aa Carolina Dardano (San Nicol\u00e1s)<\/p>\n","protected":false},"excerpt":{"rendered":"<p>Con clima ideal para la pr\u00e1ctica del Rural Bike, luego de tanta lluvia se realiz\u00f3 el domingo en Ramallo una importante competencia que cont\u00f3 con la participaci\u00f3n de muy buen n\u00famero de participantes y un grupo de representantes de San Pedro de destacada actuaci\u00f3n, donde sobresalieron los podios de Pablo Mallo, Leonardo Chiarella, Agust\u00edn Ruiz, [&hellip;]<\/p>\n","protected":false},"author":4,"featured_media":33384,"comment_status":"open","ping_status":"closed","sticky":false,"template":"","format":"standard","meta":{"om_disable_all_campaigns":false,"_jetpack_memberships_contains_paid_content":false,"footnotes":""},"categories":[5],"tags":[],"class_list":["post-33383","post","type-post","status-publish","format-standard","has-post-thumbnail","hentry","category-deportes"],"aioseo_notices":[],"gutentor_comment":0,"jetpack_featured_media_url":"https:\/\/eldiariodesanpedro.com.ar\/sitio\/wp-content\/uploads\/2018\/05\/rural-bike.jpg","jetpack_shortlink":"https:\/\/wp.me\/p6RhLt-8Gr","jetpack_sharing_enabled":true,"_links":{"self":[{"href":"https:\/\/eldiariodesanpedro.com.ar\/sitio\/wp-json\/wp\/v2\/posts\/33383","targetHints":{"allow":["GET"]}}],"collection":[{"href":"https:\/\/eldiariodesanpedro.com.ar\/sitio\/wp-json\/wp\/v2\/posts"}],"about":[{"href":"https:\/\/eldiariodesanpedro.com.ar\/sitio\/wp-json\/wp\/v2\/types\/post"}],"author":[{"embeddable":true,"href":"https:\/\/eldiariodesanpedro.com.ar\/sitio\/wp-json\/wp\/v2\/users\/4"}],"replies":[{"embeddable":true,"href":"https:\/\/eldiariodesanpedro.com.ar\/sitio\/wp-json\/wp\/v2\/comments?post=33383"}],"version-history":[{"count":1,"href":"https:\/\/eldiariodesanpedro.com.ar\/sitio\/wp-json\/wp\/v2\/posts\/33383\/revisions"}],"predecessor-version":[{"id":33386,"href":"https:\/\/eldiariodesanpedro.com.ar\/sitio\/wp-json\/wp\/v2\/posts\/33383\/revisions\/33386"}],"wp:featuredmedia":[{"embeddable":true,"href":"https:\/\/eldiariodesanpedro.com.ar\/sitio\/wp-json\/wp\/v2\/media\/33384"}],"wp:attachment":[{"href":"https:\/\/eldiariodesanpedro.com.ar\/sitio\/wp-json\/wp\/v2\/media?parent=33383"}],"wp:term":[{"taxonomy":"category","embeddable":true,"href":"https:\/\/eldiariodesanpedro.com.ar\/sitio\/wp-json\/wp\/v2\/categories?post=33383"},{"taxonomy":"post_tag","embeddable":true,"href":"https:\/\/eldiariodesanpedro.com.ar\/sitio\/wp-json\/wp\/v2\/tags?post=33383"}],"curies":[{"name":"wp","href":"https:\/\/api.w.org\/{rel}","templated":true}]}}