{"id":33377,"date":"2018-05-17T20:37:53","date_gmt":"2018-05-17T23:37:53","guid":{"rendered":"https:\/\/eldiariodesanpedro.com.ar\/sitio\/?p=33377"},"modified":"2026-01-24T00:13:35","modified_gmt":"2026-01-24T03:13:35","slug":"un-campeon-en-san-pedro-conferencia-de-prensa-y-luego-charla-en-el-natatorio-de-nautico-con-federico-grabich","status":"publish","type":"post","link":"https:\/\/eldiariodesanpedro.com.ar\/sitio\/un-campeon-en-san-pedro-conferencia-de-prensa-y-luego-charla-en-el-natatorio-de-nautico-con-federico-grabich\/","title":{"rendered":"UN CAMPE\u00d3N EN SAN PEDRO: Conferencia de Prensa y luego charla en el natatorio de N\u00e1utico con Federico Grabich"},"content":{"rendered":"<p><!-- VideographyWP Plugin Message: Automatic video embedding prevented by plugin options. --><br \/>\n  La Subcomisi\u00f3n de Nataci\u00f3n del Club N\u00e1utico San Pedro invita a los medios de la regi\u00f3n a la conferencia de prensa que brindar\u00e1 el Nadador Ol\u00edmpico Federico Grabich, este viernes 18 de mayo a las 18.30, antes de la realizaci\u00f3n de la cl\u00ednica Abierta que se ofrecer\u00e1 en la pileta climatizada. Ser\u00e1 un privilegio contar con su acompa\u00f1amiento y juntos poder aprovechar al m\u00e1ximo la llegada a San Pedro de este deportista de \u00e9lite que representa un verdadero ejemplo para todos nuestros j\u00f3venes. <\/p>\n<p>  Federico Grabich cuenta con una larga trayectoria en competencias nacionales e internacionales en estilo libre, obtuvo la medalla de bronce en los Juegos Panamericanos de 2011 en la categor\u00eda 4\u00d7100 metros combinados, compiti\u00f3 en los Juegos Ol\u00edmpicos de Londres 2012 y R\u00edo 2016, en los Juegos Panamericanos de 2015 obtuvo la medalla de oro en 100 metros estilo libre y en el 2015 obtuvo un hist\u00f3rico tercer puesto en los 100 metros libre durante el Campeonato Mundial de Nataci\u00f3n en Kaz\u00e1n, Rusia, convirti\u00e9ndose en el primer nadador argentino en lograr un podio en un mundial de piscina ol\u00edmpica.<\/p>\n","protected":false},"excerpt":{"rendered":"<p>La Subcomisi\u00f3n de Nataci\u00f3n del Club N\u00e1utico San Pedro invita a los medios de la regi\u00f3n a la conferencia de prensa que brindar\u00e1 el Nadador Ol\u00edmpico Federico Grabich, este viernes 18 de mayo a las 18.30, antes de la realizaci\u00f3n de la cl\u00ednica Abierta que se ofrecer\u00e1 en la pileta climatizada. Ser\u00e1 un privilegio contar [&hellip;]<\/p>\n","protected":false},"author":4,"featured_media":32674,"comment_status":"open","ping_status":"closed","sticky":false,"template":"","format":"standard","meta":{"om_disable_all_campaigns":false,"_jetpack_memberships_contains_paid_content":false,"footnotes":""},"categories":[5,621],"tags":[],"class_list":["post-33377","post","type-post","status-publish","format-standard","has-post-thumbnail","hentry","category-deportes","category-regionales"],"aioseo_notices":[],"gutentor_comment":0,"jetpack_featured_media_url":"https:\/\/eldiariodesanpedro.com.ar\/sitio\/wp-content\/uploads\/2018\/05\/Federico-Grabich-figura-argentina-en-nataci\u00f3n-Cr\u00e9dito-Clar\u00edn.jpg","jetpack_shortlink":"https:\/\/wp.me\/p6RhLt-8Gl","jetpack_sharing_enabled":true,"_links":{"self":[{"href":"https:\/\/eldiariodesanpedro.com.ar\/sitio\/wp-json\/wp\/v2\/posts\/33377","targetHints":{"allow":["GET"]}}],"collection":[{"href":"https:\/\/eldiariodesanpedro.com.ar\/sitio\/wp-json\/wp\/v2\/posts"}],"about":[{"href":"https:\/\/eldiariodesanpedro.com.ar\/sitio\/wp-json\/wp\/v2\/types\/post"}],"author":[{"embeddable":true,"href":"https:\/\/eldiariodesanpedro.com.ar\/sitio\/wp-json\/wp\/v2\/users\/4"}],"replies":[{"embeddable":true,"href":"https:\/\/eldiariodesanpedro.com.ar\/sitio\/wp-json\/wp\/v2\/comments?post=33377"}],"version-history":[{"count":2,"href":"https:\/\/eldiariodesanpedro.com.ar\/sitio\/wp-json\/wp\/v2\/posts\/33377\/revisions"}],"predecessor-version":[{"id":33380,"href":"https:\/\/eldiariodesanpedro.com.ar\/sitio\/wp-json\/wp\/v2\/posts\/33377\/revisions\/33380"}],"wp:featuredmedia":[{"embeddable":true,"href":"https:\/\/eldiariodesanpedro.com.ar\/sitio\/wp-json\/wp\/v2\/media\/32674"}],"wp:attachment":[{"href":"https:\/\/eldiariodesanpedro.com.ar\/sitio\/wp-json\/wp\/v2\/media?parent=33377"}],"wp:term":[{"taxonomy":"category","embeddable":true,"href":"https:\/\/eldiariodesanpedro.com.ar\/sitio\/wp-json\/wp\/v2\/categories?post=33377"},{"taxonomy":"post_tag","embeddable":true,"href":"https:\/\/eldiariodesanpedro.com.ar\/sitio\/wp-json\/wp\/v2\/tags?post=33377"}],"curies":[{"name":"wp","href":"https:\/\/api.w.org\/{rel}","templated":true}]}}