{"id":33373,"date":"2018-05-17T20:35:23","date_gmt":"2018-05-17T23:35:23","guid":{"rendered":"https:\/\/eldiariodesanpedro.com.ar\/sitio\/?p=33373"},"modified":"2018-05-17T20:35:23","modified_gmt":"2018-05-17T23:35:23","slug":"arrecifes-marcos-di-palma-solicito-a-ritondo-medios-aereos-para-intensificar-la-busqueda-de-laureano","status":"publish","type":"post","link":"https:\/\/eldiariodesanpedro.com.ar\/sitio\/arrecifes-marcos-di-palma-solicito-a-ritondo-medios-aereos-para-intensificar-la-busqueda-de-laureano\/","title":{"rendered":"ARRECIFES: Marcos Di Palma solicit\u00f3 a Ritondo medios a\u00e9reos para intensificar la b\u00fasqueda de Laureano"},"content":{"rendered":"<p><!-- VideographyWP Plugin Message: Automatic video embedding prevented by plugin options. --><br \/>\nLa incesante b\u00fasqueda de Laureano Alarc\u00f3n, el joven de Capit\u00e1n Sarmiento que fue visto por \u00faltima vez en Arrecifes en la madrugada del \u00faltimo domingo, lamentablemente no ha arrojado resultados positivos hasta el momento.<\/p>\n<p>  El esfuerzo de Bomberos Voluntarios, Polic\u00eda y todos quienes colaboran en el rastrillaje por tierra y por agua, es mucho, pero la situaci\u00f3n es compleja porque no se tienen datos ciertos de d\u00f3nde puede haber desaparecido.<\/p>\n<p>  Por ello, el diputado provincial Marcos Di Palma se comunic\u00f3 en la tarde de hoy con el Ministro de Seguridad bonaerense, Cristian Ritondo, para solicitarle medios que colaboren en esa b\u00fasqueda tambi\u00e9n por aire.<\/p>\n<p>  Debido a esto, en la ma\u00f1ana de este jueves un helic\u00f3ptero de la Provincia de Buenos Aires llegar\u00e1 a nuestra ciudad con una tripulaci\u00f3n especializada para sumar un esfuerzo m\u00e1s a esta dif\u00edcil tarea.<\/p>\n<p>Fuente: Arrecifes Noticias<\/p>\n","protected":false},"excerpt":{"rendered":"<p>La incesante b\u00fasqueda de Laureano Alarc\u00f3n, el joven de Capit\u00e1n Sarmiento que fue visto por \u00faltima vez en Arrecifes en la madrugada del \u00faltimo domingo, lamentablemente no ha arrojado resultados positivos hasta el momento. El esfuerzo de Bomberos Voluntarios, Polic\u00eda y todos quienes colaboran en el rastrillaje por tierra y por agua, es mucho, pero [&hellip;]<\/p>\n","protected":false},"author":4,"featured_media":30634,"comment_status":"open","ping_status":"closed","sticky":false,"template":"","format":"standard","meta":{"om_disable_all_campaigns":false,"_jetpack_memberships_contains_paid_content":false,"footnotes":""},"categories":[621],"tags":[],"class_list":["post-33373","post","type-post","status-publish","format-standard","has-post-thumbnail","hentry","category-regionales"],"aioseo_notices":[],"gutentor_comment":0,"jetpack_featured_media_url":"https:\/\/eldiariodesanpedro.com.ar\/sitio\/wp-content\/uploads\/2018\/03\/diputado-provincial-kirchnerista-Marcos-Di-Palma-.jpg","jetpack_shortlink":"https:\/\/wp.me\/p6RhLt-8Gh","jetpack_sharing_enabled":true,"_links":{"self":[{"href":"https:\/\/eldiariodesanpedro.com.ar\/sitio\/wp-json\/wp\/v2\/posts\/33373","targetHints":{"allow":["GET"]}}],"collection":[{"href":"https:\/\/eldiariodesanpedro.com.ar\/sitio\/wp-json\/wp\/v2\/posts"}],"about":[{"href":"https:\/\/eldiariodesanpedro.com.ar\/sitio\/wp-json\/wp\/v2\/types\/post"}],"author":[{"embeddable":true,"href":"https:\/\/eldiariodesanpedro.com.ar\/sitio\/wp-json\/wp\/v2\/users\/4"}],"replies":[{"embeddable":true,"href":"https:\/\/eldiariodesanpedro.com.ar\/sitio\/wp-json\/wp\/v2\/comments?post=33373"}],"version-history":[{"count":1,"href":"https:\/\/eldiariodesanpedro.com.ar\/sitio\/wp-json\/wp\/v2\/posts\/33373\/revisions"}],"predecessor-version":[{"id":33376,"href":"https:\/\/eldiariodesanpedro.com.ar\/sitio\/wp-json\/wp\/v2\/posts\/33373\/revisions\/33376"}],"wp:featuredmedia":[{"embeddable":true,"href":"https:\/\/eldiariodesanpedro.com.ar\/sitio\/wp-json\/wp\/v2\/media\/30634"}],"wp:attachment":[{"href":"https:\/\/eldiariodesanpedro.com.ar\/sitio\/wp-json\/wp\/v2\/media?parent=33373"}],"wp:term":[{"taxonomy":"category","embeddable":true,"href":"https:\/\/eldiariodesanpedro.com.ar\/sitio\/wp-json\/wp\/v2\/categories?post=33373"},{"taxonomy":"post_tag","embeddable":true,"href":"https:\/\/eldiariodesanpedro.com.ar\/sitio\/wp-json\/wp\/v2\/tags?post=33373"}],"curies":[{"name":"wp","href":"https:\/\/api.w.org\/{rel}","templated":true}]}}