{"id":33372,"date":"2018-05-17T20:35:01","date_gmt":"2018-05-17T23:35:01","guid":{"rendered":"https:\/\/eldiariodesanpedro.com.ar\/sitio\/?p=33372"},"modified":"2018-05-17T20:35:01","modified_gmt":"2018-05-17T23:35:01","slug":"san-nicolas-detuvieron-a-un-hombre-acusado-de-abusar-de-la-hija-de-su-pareja","status":"publish","type":"post","link":"https:\/\/eldiariodesanpedro.com.ar\/sitio\/san-nicolas-detuvieron-a-un-hombre-acusado-de-abusar-de-la-hija-de-su-pareja\/","title":{"rendered":"SAN NICOL\u00c1S: Detuvieron a un hombre acusado de abusar de la hija de su pareja"},"content":{"rendered":"<p><!-- VideographyWP Plugin Message: Automatic video embedding prevented by plugin options. --><br \/>\n  En noviembre de 2017 un hombre se dirigi\u00f3 a la sede de la Fiscal\u00eda a denunciar que su hija hab\u00eda sido v\u00edctima de abuso.<\/p>\n<p>  Desde ese momento, la Dra. Franca Padulo llev\u00f3 adelante una ardua investigaci\u00f3n para corroborar los dichos del padre y recabar los elementos necesarios para identificar al responsable del hecho.<\/p>\n<p>  La v\u00edctima, menor de edad, pas\u00f3 por C\u00e1mara Gessel y poco tiempo despu\u00e9s se solicit\u00f3 la detenci\u00f3n de la pareja de la madre, un hombre de 59 a\u00f1os que viv\u00eda con ellas al momento de la denuncia. La orden demor\u00f3 un tiempo en ser otorgada, pero finalmente fue detenido este mes.<\/p>\n<p>  El sujeto fue interceptado en Av. Moreno al 1000, trasladado a sede policial e imputado por Abuso Sexual reiterado con acceso Carnal.<\/p>\n<p>Fuente: Diario El Informante<\/p>\n","protected":false},"excerpt":{"rendered":"<p>En noviembre de 2017 un hombre se dirigi\u00f3 a la sede de la Fiscal\u00eda a denunciar que su hija hab\u00eda sido v\u00edctima de abuso. Desde ese momento, la Dra. Franca Padulo llev\u00f3 adelante una ardua investigaci\u00f3n para corroborar los dichos del padre y recabar los elementos necesarios para identificar al responsable del hecho. La v\u00edctima, [&hellip;]<\/p>\n","protected":false},"author":4,"featured_media":33374,"comment_status":"open","ping_status":"closed","sticky":false,"template":"","format":"standard","meta":{"om_disable_all_campaigns":false,"_jetpack_memberships_contains_paid_content":false,"footnotes":""},"categories":[621],"tags":[],"class_list":["post-33372","post","type-post","status-publish","format-standard","has-post-thumbnail","hentry","category-regionales"],"aioseo_notices":[],"gutentor_comment":0,"jetpack_featured_media_url":"https:\/\/eldiariodesanpedro.com.ar\/sitio\/wp-content\/uploads\/2018\/05\/Detuvieron-a-un-hombre-acusado-de-abusar-de-la-hija-de-su-pareja.jpg","jetpack_shortlink":"https:\/\/wp.me\/p6RhLt-8Gg","jetpack_sharing_enabled":true,"_links":{"self":[{"href":"https:\/\/eldiariodesanpedro.com.ar\/sitio\/wp-json\/wp\/v2\/posts\/33372","targetHints":{"allow":["GET"]}}],"collection":[{"href":"https:\/\/eldiariodesanpedro.com.ar\/sitio\/wp-json\/wp\/v2\/posts"}],"about":[{"href":"https:\/\/eldiariodesanpedro.com.ar\/sitio\/wp-json\/wp\/v2\/types\/post"}],"author":[{"embeddable":true,"href":"https:\/\/eldiariodesanpedro.com.ar\/sitio\/wp-json\/wp\/v2\/users\/4"}],"replies":[{"embeddable":true,"href":"https:\/\/eldiariodesanpedro.com.ar\/sitio\/wp-json\/wp\/v2\/comments?post=33372"}],"version-history":[{"count":1,"href":"https:\/\/eldiariodesanpedro.com.ar\/sitio\/wp-json\/wp\/v2\/posts\/33372\/revisions"}],"predecessor-version":[{"id":33375,"href":"https:\/\/eldiariodesanpedro.com.ar\/sitio\/wp-json\/wp\/v2\/posts\/33372\/revisions\/33375"}],"wp:featuredmedia":[{"embeddable":true,"href":"https:\/\/eldiariodesanpedro.com.ar\/sitio\/wp-json\/wp\/v2\/media\/33374"}],"wp:attachment":[{"href":"https:\/\/eldiariodesanpedro.com.ar\/sitio\/wp-json\/wp\/v2\/media?parent=33372"}],"wp:term":[{"taxonomy":"category","embeddable":true,"href":"https:\/\/eldiariodesanpedro.com.ar\/sitio\/wp-json\/wp\/v2\/categories?post=33372"},{"taxonomy":"post_tag","embeddable":true,"href":"https:\/\/eldiariodesanpedro.com.ar\/sitio\/wp-json\/wp\/v2\/tags?post=33372"}],"curies":[{"name":"wp","href":"https:\/\/api.w.org\/{rel}","templated":true}]}}