{"id":33368,"date":"2018-05-17T20:32:18","date_gmt":"2018-05-17T23:32:18","guid":{"rendered":"https:\/\/eldiariodesanpedro.com.ar\/sitio\/?p=33368"},"modified":"2018-05-17T20:32:18","modified_gmt":"2018-05-17T23:32:18","slug":"arrecifes-la-fiesta-del-lechon-artesanal-confirmada-para-este-domingo","status":"publish","type":"post","link":"https:\/\/eldiariodesanpedro.com.ar\/sitio\/arrecifes-la-fiesta-del-lechon-artesanal-confirmada-para-este-domingo\/","title":{"rendered":"ARRECIFES: La Fiesta del Lech\u00f3n Artesanal confirmada para este domingo"},"content":{"rendered":"<p><!-- VideographyWP Plugin Message: Automatic video embedding prevented by plugin options. --><br \/>\nLuego de varias suspensiones producto del mal clima, finalmente este domingo 20 de mayo se realizar\u00e1 de la tercera edici\u00f3n de la Fiesta del Lech\u00f3n Artesanal en Arrecifes. La actividad, en el predio del Viejo Molino, comenzar\u00e1 a las 10:00 hs. y se extender\u00e1 hasta que caiga el sol.<\/p>\n<p>  \u201cEl primer a\u00f1o asamos 48 lechones y est\u00e1bamos preocupados en qu\u00e9 \u00edbamos a hacer con lo que nos sobrara\u201d, cont\u00f3 en Radio Uno (107.1) Cecilia Contreras, ingeniera del INTA y una de las impulsoras de este gran evento a trav\u00e9s del programa Cambio Rural. Tanto \u00e9xito tuvo que en la siguiente fueron 180 y en \u00e9sta, la tercera edici\u00f3n, se asar\u00e1n nada menos que 300 lechones y habr\u00e1 50 personas atendiendo al p\u00fablico.<\/p>\n<p>  \u201cRecomendamos a la gente de nuestra ciudad que quiera comprar lech\u00f3n que vaya temprano, por eso arrancamos a las 10 de la ma\u00f1ana. Al mediod\u00eda se va a complicar poder cumplir con todos a tiempo\u201d, aconsejan los productores de la fiesta que cuenta con el auspicio de la Municipalidad de Arrecifes.<\/p>\n<p>  La fiesta es de entrada libre gratuita y contar\u00e1 con muchas atracciones para pasar un d\u00eda en familia y al aire libre: bandas en vivo, ballets folcl\u00f3ricos, paseo de artesanos y microemprendedores, actividades deportivas y recreativas organizadas por la Direcci\u00f3n de Deportes municipal, stands de autos y paseos tur\u00edsticos, entre otros.<\/p>\n<p>Fuente: Arrecifes Noticias<\/p>\n","protected":false},"excerpt":{"rendered":"<p>Luego de varias suspensiones producto del mal clima, finalmente este domingo 20 de mayo se realizar\u00e1 de la tercera edici\u00f3n de la Fiesta del Lech\u00f3n Artesanal en Arrecifes. La actividad, en el predio del Viejo Molino, comenzar\u00e1 a las 10:00 hs. y se extender\u00e1 hasta que caiga el sol. \u201cEl primer a\u00f1o asamos 48 lechones [&hellip;]<\/p>\n","protected":false},"author":4,"featured_media":33370,"comment_status":"open","ping_status":"closed","sticky":false,"template":"","format":"standard","meta":{"om_disable_all_campaigns":false,"_jetpack_memberships_contains_paid_content":false,"footnotes":""},"categories":[621],"tags":[],"class_list":["post-33368","post","type-post","status-publish","format-standard","has-post-thumbnail","hentry","category-regionales"],"aioseo_notices":[],"gutentor_comment":0,"jetpack_featured_media_url":"https:\/\/eldiariodesanpedro.com.ar\/sitio\/wp-content\/uploads\/2018\/05\/Fiesta-Lechon-Artesanal.jpg","jetpack_shortlink":"https:\/\/wp.me\/p6RhLt-8Gc","jetpack_sharing_enabled":true,"_links":{"self":[{"href":"https:\/\/eldiariodesanpedro.com.ar\/sitio\/wp-json\/wp\/v2\/posts\/33368","targetHints":{"allow":["GET"]}}],"collection":[{"href":"https:\/\/eldiariodesanpedro.com.ar\/sitio\/wp-json\/wp\/v2\/posts"}],"about":[{"href":"https:\/\/eldiariodesanpedro.com.ar\/sitio\/wp-json\/wp\/v2\/types\/post"}],"author":[{"embeddable":true,"href":"https:\/\/eldiariodesanpedro.com.ar\/sitio\/wp-json\/wp\/v2\/users\/4"}],"replies":[{"embeddable":true,"href":"https:\/\/eldiariodesanpedro.com.ar\/sitio\/wp-json\/wp\/v2\/comments?post=33368"}],"version-history":[{"count":1,"href":"https:\/\/eldiariodesanpedro.com.ar\/sitio\/wp-json\/wp\/v2\/posts\/33368\/revisions"}],"predecessor-version":[{"id":33371,"href":"https:\/\/eldiariodesanpedro.com.ar\/sitio\/wp-json\/wp\/v2\/posts\/33368\/revisions\/33371"}],"wp:featuredmedia":[{"embeddable":true,"href":"https:\/\/eldiariodesanpedro.com.ar\/sitio\/wp-json\/wp\/v2\/media\/33370"}],"wp:attachment":[{"href":"https:\/\/eldiariodesanpedro.com.ar\/sitio\/wp-json\/wp\/v2\/media?parent=33368"}],"wp:term":[{"taxonomy":"category","embeddable":true,"href":"https:\/\/eldiariodesanpedro.com.ar\/sitio\/wp-json\/wp\/v2\/categories?post=33368"},{"taxonomy":"post_tag","embeddable":true,"href":"https:\/\/eldiariodesanpedro.com.ar\/sitio\/wp-json\/wp\/v2\/tags?post=33368"}],"curies":[{"name":"wp","href":"https:\/\/api.w.org\/{rel}","templated":true}]}}