{"id":33364,"date":"2018-05-17T20:28:18","date_gmt":"2018-05-17T23:28:18","guid":{"rendered":"https:\/\/eldiariodesanpedro.com.ar\/sitio\/?p=33364"},"modified":"2018-05-17T20:28:18","modified_gmt":"2018-05-17T23:28:18","slug":"baradero-habrian-identificado-al-conductor-del-vehiculo-del-accidente-de-av-roca-y-ruta-41","status":"publish","type":"post","link":"https:\/\/eldiariodesanpedro.com.ar\/sitio\/baradero-habrian-identificado-al-conductor-del-vehiculo-del-accidente-de-av-roca-y-ruta-41\/","title":{"rendered":"BARADERO: Habr\u00edan identificado al conductor del veh\u00edculo del accidente de Av. Roca y Ruta 41"},"content":{"rendered":"<p><!-- VideographyWP Plugin Message: Automatic video embedding prevented by plugin options. --><br \/>\nEn la ma\u00f1ana de ayer el Fiscal Vicente G\u00f3mez confirm\u00f3 a FM Diferente que, en la Fiscal\u00eda N\u00ba9 se ha presentado un abogado de otra localidad, quien representar\u00eda a la persona que supuestamente conduc\u00eda la camioneta Toyota Hilux que protagonizara el accidente en el que perdi\u00f3 la vida el \u00faltimo s\u00e1bado, Virgilio Viera.<\/p>\n<p>  Seg\u00fan declaraciones del Fiscal, el conductor tampoco ser\u00eda de la localidad.<\/p>\n<p>  A\u00fan no se pueden suministrar nombres, pero se contin\u00faan las actuaciones judiciales para confirmar datos; en tanto, podr\u00eda ser que este individuo estuviera encubriendo a otro.<\/p>\n<p>Fuente: Baradero Te Informa<\/p>\n","protected":false},"excerpt":{"rendered":"<p>En la ma\u00f1ana de ayer el Fiscal Vicente G\u00f3mez confirm\u00f3 a FM Diferente que, en la Fiscal\u00eda N\u00ba9 se ha presentado un abogado de otra localidad, quien representar\u00eda a la persona que supuestamente conduc\u00eda la camioneta Toyota Hilux que protagonizara el accidente en el que perdi\u00f3 la vida el \u00faltimo s\u00e1bado, Virgilio Viera. Seg\u00fan declaraciones [&hellip;]<\/p>\n","protected":false},"author":4,"featured_media":33365,"comment_status":"open","ping_status":"closed","sticky":false,"template":"","format":"standard","meta":{"om_disable_all_campaigns":false,"_jetpack_memberships_contains_paid_content":false,"footnotes":""},"categories":[621],"tags":[],"class_list":["post-33364","post","type-post","status-publish","format-standard","has-post-thumbnail","hentry","category-regionales"],"aioseo_notices":[],"gutentor_comment":0,"jetpack_featured_media_url":"https:\/\/eldiariodesanpedro.com.ar\/sitio\/wp-content\/uploads\/2018\/05\/El-conductor-no-ser\u00eda-de-la-localidad-.jpg","jetpack_shortlink":"https:\/\/wp.me\/p6RhLt-8G8","jetpack_sharing_enabled":true,"_links":{"self":[{"href":"https:\/\/eldiariodesanpedro.com.ar\/sitio\/wp-json\/wp\/v2\/posts\/33364","targetHints":{"allow":["GET"]}}],"collection":[{"href":"https:\/\/eldiariodesanpedro.com.ar\/sitio\/wp-json\/wp\/v2\/posts"}],"about":[{"href":"https:\/\/eldiariodesanpedro.com.ar\/sitio\/wp-json\/wp\/v2\/types\/post"}],"author":[{"embeddable":true,"href":"https:\/\/eldiariodesanpedro.com.ar\/sitio\/wp-json\/wp\/v2\/users\/4"}],"replies":[{"embeddable":true,"href":"https:\/\/eldiariodesanpedro.com.ar\/sitio\/wp-json\/wp\/v2\/comments?post=33364"}],"version-history":[{"count":1,"href":"https:\/\/eldiariodesanpedro.com.ar\/sitio\/wp-json\/wp\/v2\/posts\/33364\/revisions"}],"predecessor-version":[{"id":33367,"href":"https:\/\/eldiariodesanpedro.com.ar\/sitio\/wp-json\/wp\/v2\/posts\/33364\/revisions\/33367"}],"wp:featuredmedia":[{"embeddable":true,"href":"https:\/\/eldiariodesanpedro.com.ar\/sitio\/wp-json\/wp\/v2\/media\/33365"}],"wp:attachment":[{"href":"https:\/\/eldiariodesanpedro.com.ar\/sitio\/wp-json\/wp\/v2\/media?parent=33364"}],"wp:term":[{"taxonomy":"category","embeddable":true,"href":"https:\/\/eldiariodesanpedro.com.ar\/sitio\/wp-json\/wp\/v2\/categories?post=33364"},{"taxonomy":"post_tag","embeddable":true,"href":"https:\/\/eldiariodesanpedro.com.ar\/sitio\/wp-json\/wp\/v2\/tags?post=33364"}],"curies":[{"name":"wp","href":"https:\/\/api.w.org\/{rel}","templated":true}]}}