{"id":33360,"date":"2018-05-17T20:27:36","date_gmt":"2018-05-17T23:27:36","guid":{"rendered":"https:\/\/eldiariodesanpedro.com.ar\/sitio\/?p=33360"},"modified":"2018-05-17T20:27:36","modified_gmt":"2018-05-17T23:27:36","slug":"san-nicolas-130-despidos-en-la-fabrica-que-tiene-motomel-en-la-emilia","status":"publish","type":"post","link":"https:\/\/eldiariodesanpedro.com.ar\/sitio\/san-nicolas-130-despidos-en-la-fabrica-que-tiene-motomel-en-la-emilia\/","title":{"rendered":"SAN NICOL\u00c1S: 130 despidos en la f\u00e1brica que tiene Motomel en La Emilia"},"content":{"rendered":"<p><!-- VideographyWP Plugin Message: Automatic video embedding prevented by plugin options. --><br \/>\nLa medida se tom\u00f3 por la crisis sufrida en el sector en los \u00faltimos d\u00edas. \u201cEsto puede ser temporario y apenas se reactive el mercado, apenas se normalice la situaci\u00f3n, la intenci\u00f3n es retomar nuevamente a este personal\u201d, asegur\u00f3 Fabi\u00e1n Gigli, de UOM San Nicol\u00e1s.<\/p>\n<p>  A partir de ayer, la empresa Motomel (ubicada en La Emilia) decidi\u00f3 no renovar el contrato de 130 trabajadores por la ca\u00edda en las ventas que ha sufrido en los \u00faltimos d\u00edas por la crisis en la econom\u00eda.<br \/>\n  Fabi\u00e1n Gigli, responsable del \u00e1rea de prensa de la UOM San Nicol\u00e1s, explic\u00f3 a EL NORTE: \u201cNo le renovaron el contrato a 100 personas en Motomel. Ayer (por el martes) tuvimos una reuni\u00f3n con el director de la empresa, Mario Meller, donde nos inform\u00f3 que la medida se tom\u00f3 a ra\u00edz de la ca\u00edda de ventas que hubo en estos \u00faltimos d\u00edas. Todo esto como consecuencia de la crisis cambiaria, la devaluaci\u00f3n del d\u00f3lar, ha habido una retracci\u00f3n en las ventas. Con lo cual la empresa no pod\u00eda seguir produciendo al ritmo que lo ven\u00eda haciendo. Esto trajo como consecuencia la no renovaci\u00f3n de alrededor de 100 contratos\u201d.<br \/>\n  Agreg\u00f3: \u201cHabr\u00e1 que monitorearlo en los pr\u00f3ximos d\u00edas, pero ellos (por Motomel) estiman que esto puede ser temporario y apenas se reactive el mercado, apenas se normalice la situaci\u00f3n, la intenci\u00f3n es retomar nuevamente a este personal. Esperemos que esta situaci\u00f3n mejore y no se agrave\u201d.<\/p>\n<p>  Seg\u00fan Gigli, \u201cEsto ha sido todo muy reciente. Hasta hace 15 d\u00edas la empresa estaba tomando gente. El panorama cambi\u00f3 dr\u00e1sticamente. El sector de las motos y autos es muy sensible a este tipo de variaciones. Ya tenemos experiencia al respecto: nos pas\u00f3 en los a\u00f1os 2008, 2011 y 2014, donde apenas hay una crisis o una devaluaci\u00f3n, enseguida impacta en este sector. Luego de la devaluaci\u00f3n de 2014, quedaron 150 personas afuera que de a poco fueron reincorporando a la mayor\u00eda\u201d. <\/p>\n<p>  Por otro lado, que \u201cla mayor\u00eda son contratos mensuales y gente que hab\u00eda ingresado en estos \u00faltimos meses. Hay contratos de un mes, hay mucha gente efectiva y otros son contratados por 3 meses. Esperemos que repunten las ventas (en Motomel) y que la gente sea contratada nuevamente\u201d.<\/p>\n<p>  Gigli sostuvo adem\u00e1s que \u201cesto nos sorprendi\u00f3 porque hace 15 d\u00edas estaba ingresando gente a Motomel. Ya hab\u00edamos tenido alguna se\u00f1al la semana pasada cuando se par\u00f3 una l\u00ednea; la de armado de bicicletas estar\u00e1 parada un mes. Pero ahora ha habido una confirmaci\u00f3n en la ca\u00edda de las ventas\u201d.<\/p>\n<p>  Por otro lado, que inform\u00f3: \u201cPor ahora no tenemos noticias de ninguna otra empresa que haya sufrido inconvenientes\u201d.<\/p>\n<p>Fuente: Diario El Norte<\/p>\n","protected":false},"excerpt":{"rendered":"<p>La medida se tom\u00f3 por la crisis sufrida en el sector en los \u00faltimos d\u00edas. \u201cEsto puede ser temporario y apenas se reactive el mercado, apenas se normalice la situaci\u00f3n, la intenci\u00f3n es retomar nuevamente a este personal\u201d, asegur\u00f3 Fabi\u00e1n Gigli, de UOM San Nicol\u00e1s. A partir de ayer, la empresa Motomel (ubicada en La [&hellip;]<\/p>\n","protected":false},"author":4,"featured_media":33363,"comment_status":"open","ping_status":"closed","sticky":false,"template":"","format":"standard","meta":{"om_disable_all_campaigns":false,"_jetpack_memberships_contains_paid_content":false,"footnotes":""},"categories":[621],"tags":[],"class_list":["post-33360","post","type-post","status-publish","format-standard","has-post-thumbnail","hentry","category-regionales"],"aioseo_notices":[],"gutentor_comment":0,"jetpack_featured_media_url":"https:\/\/eldiariodesanpedro.com.ar\/sitio\/wp-content\/uploads\/2018\/05\/f\u00e1brica-motomel.jpg","jetpack_shortlink":"https:\/\/wp.me\/p6RhLt-8G4","jetpack_sharing_enabled":true,"_links":{"self":[{"href":"https:\/\/eldiariodesanpedro.com.ar\/sitio\/wp-json\/wp\/v2\/posts\/33360","targetHints":{"allow":["GET"]}}],"collection":[{"href":"https:\/\/eldiariodesanpedro.com.ar\/sitio\/wp-json\/wp\/v2\/posts"}],"about":[{"href":"https:\/\/eldiariodesanpedro.com.ar\/sitio\/wp-json\/wp\/v2\/types\/post"}],"author":[{"embeddable":true,"href":"https:\/\/eldiariodesanpedro.com.ar\/sitio\/wp-json\/wp\/v2\/users\/4"}],"replies":[{"embeddable":true,"href":"https:\/\/eldiariodesanpedro.com.ar\/sitio\/wp-json\/wp\/v2\/comments?post=33360"}],"version-history":[{"count":1,"href":"https:\/\/eldiariodesanpedro.com.ar\/sitio\/wp-json\/wp\/v2\/posts\/33360\/revisions"}],"predecessor-version":[{"id":33366,"href":"https:\/\/eldiariodesanpedro.com.ar\/sitio\/wp-json\/wp\/v2\/posts\/33360\/revisions\/33366"}],"wp:featuredmedia":[{"embeddable":true,"href":"https:\/\/eldiariodesanpedro.com.ar\/sitio\/wp-json\/wp\/v2\/media\/33363"}],"wp:attachment":[{"href":"https:\/\/eldiariodesanpedro.com.ar\/sitio\/wp-json\/wp\/v2\/media?parent=33360"}],"wp:term":[{"taxonomy":"category","embeddable":true,"href":"https:\/\/eldiariodesanpedro.com.ar\/sitio\/wp-json\/wp\/v2\/categories?post=33360"},{"taxonomy":"post_tag","embeddable":true,"href":"https:\/\/eldiariodesanpedro.com.ar\/sitio\/wp-json\/wp\/v2\/tags?post=33360"}],"curies":[{"name":"wp","href":"https:\/\/api.w.org\/{rel}","templated":true}]}}