{"id":33359,"date":"2018-05-17T19:52:47","date_gmt":"2018-05-17T22:52:47","guid":{"rendered":"https:\/\/eldiariodesanpedro.com.ar\/sitio\/?p=33359"},"modified":"2018-05-17T19:52:47","modified_gmt":"2018-05-17T22:52:47","slug":"detienen-a-delincuente-que-robo-en-un-comercio","status":"publish","type":"post","link":"https:\/\/eldiariodesanpedro.com.ar\/sitio\/detienen-a-delincuente-que-robo-en-un-comercio\/","title":{"rendered":"Detienen a delincuente que robo en un comercio"},"content":{"rendered":"<p><!-- VideographyWP Plugin Message: Automatic video embedding prevented by plugin options. --><br \/>\n Pasada la medianoche de este jueves, personal policial de la Comisar\u00eda local intervino en un hecho de robo ocurrido en comercio ubicado sobre calle Pellegrini al 2300.<\/p>\n<p>  Tras el r\u00e1pido proceder de los efectivos se logr\u00f3 aprehender en la huida sobre calle Casella a uno de los delincuentes de 24 a\u00f1os, oriundo de esta ciudad. Su c\u00f3mplice logr\u00f3 darse a la fuga. <\/p>\n<p>  El aprehendido fue trasladado a la Comisar\u00eda, donde permanece alojado a disposici\u00f3n de la UFI 5 de San Pedro.<\/p>\n","protected":false},"excerpt":{"rendered":"<p>Pasada la medianoche de este jueves, personal policial de la Comisar\u00eda local intervino en un hecho de robo ocurrido en comercio ubicado sobre calle Pellegrini al 2300. Tras el r\u00e1pido proceder de los efectivos se logr\u00f3 aprehender en la huida sobre calle Casella a uno de los delincuentes de 24 a\u00f1os, oriundo de esta ciudad. [&hellip;]<\/p>\n","protected":false},"author":4,"featured_media":31829,"comment_status":"open","ping_status":"closed","sticky":false,"template":"","format":"standard","meta":{"om_disable_all_campaigns":false,"_jetpack_memberships_contains_paid_content":false,"footnotes":""},"categories":[2,103],"tags":[],"class_list":["post-33359","post","type-post","status-publish","format-standard","has-post-thumbnail","hentry","category-locales","category-policiales-locales"],"aioseo_notices":[],"gutentor_comment":0,"jetpack_featured_media_url":"https:\/\/eldiariodesanpedro.com.ar\/sitio\/wp-content\/uploads\/2018\/04\/detenido_658x400_0.jpg","jetpack_shortlink":"https:\/\/wp.me\/p6RhLt-8G3","jetpack_sharing_enabled":true,"_links":{"self":[{"href":"https:\/\/eldiariodesanpedro.com.ar\/sitio\/wp-json\/wp\/v2\/posts\/33359","targetHints":{"allow":["GET"]}}],"collection":[{"href":"https:\/\/eldiariodesanpedro.com.ar\/sitio\/wp-json\/wp\/v2\/posts"}],"about":[{"href":"https:\/\/eldiariodesanpedro.com.ar\/sitio\/wp-json\/wp\/v2\/types\/post"}],"author":[{"embeddable":true,"href":"https:\/\/eldiariodesanpedro.com.ar\/sitio\/wp-json\/wp\/v2\/users\/4"}],"replies":[{"embeddable":true,"href":"https:\/\/eldiariodesanpedro.com.ar\/sitio\/wp-json\/wp\/v2\/comments?post=33359"}],"version-history":[{"count":2,"href":"https:\/\/eldiariodesanpedro.com.ar\/sitio\/wp-json\/wp\/v2\/posts\/33359\/revisions"}],"predecessor-version":[{"id":33362,"href":"https:\/\/eldiariodesanpedro.com.ar\/sitio\/wp-json\/wp\/v2\/posts\/33359\/revisions\/33362"}],"wp:featuredmedia":[{"embeddable":true,"href":"https:\/\/eldiariodesanpedro.com.ar\/sitio\/wp-json\/wp\/v2\/media\/31829"}],"wp:attachment":[{"href":"https:\/\/eldiariodesanpedro.com.ar\/sitio\/wp-json\/wp\/v2\/media?parent=33359"}],"wp:term":[{"taxonomy":"category","embeddable":true,"href":"https:\/\/eldiariodesanpedro.com.ar\/sitio\/wp-json\/wp\/v2\/categories?post=33359"},{"taxonomy":"post_tag","embeddable":true,"href":"https:\/\/eldiariodesanpedro.com.ar\/sitio\/wp-json\/wp\/v2\/tags?post=33359"}],"curies":[{"name":"wp","href":"https:\/\/api.w.org\/{rel}","templated":true}]}}