{"id":33355,"date":"2018-05-17T17:38:51","date_gmt":"2018-05-17T20:38:51","guid":{"rendered":"https:\/\/eldiariodesanpedro.com.ar\/sitio\/?p=33355"},"modified":"2018-05-17T17:38:51","modified_gmt":"2018-05-17T20:38:51","slug":"operativo-de-sanidad-y-el-ministerio-de-trabajo-en-un-geriatrico-centrico","status":"publish","type":"post","link":"https:\/\/eldiariodesanpedro.com.ar\/sitio\/operativo-de-sanidad-y-el-ministerio-de-trabajo-en-un-geriatrico-centrico\/","title":{"rendered":"Operativo de Sanidad y el Ministerio de Trabajo en un geri\u00e1trico c\u00e9ntrico"},"content":{"rendered":"<p><!-- VideographyWP Plugin Message: Automatic video embedding prevented by plugin options. --><br \/>\n  Juan cruz Acosta y Ra\u00fal Ben\u00edtez en representaci\u00f3n del Sindicato de municipales e integrantes de la Secretar\u00eda Regional San Pedro-Baradero.<br \/>\n  Dentro de las actividades de la Secretar\u00eda Regional San Pedro \u2013 Baradero, se realizan reuniones cada 15 d\u00edas d\u00f3nde cada gremio cuenta las problem\u00e1ticas que tiene. De estas reuniones parti\u00f3 la decisi\u00f3n de realizar controles en los geri\u00e1tricos de la zona. <\/p>\n<p>  Es por eso que ayer por la tarde junto a representantes del Sindicato de Sanidad e inspectores del Ministerio de Trabajo realizaron la primera de las inspecciones. En este caso fue inspeccionado el geri\u00e1trico \u201cAbuela Bety\u201d, ubicado sobre B. Moreno, entre calles Mitre y 25 de Mayo.<\/p>\n<p>  En principio, las inspecciones nacen a partir del conocimiento que en distintos geri\u00e1tricos de la zona los empleados no est\u00e1n formalizados como corresponde, cobran sueldos miserables y hasta, en algunos casos, estas instituciones no cumplen con las reglas en general que deber\u00edan.<\/p>\n<p>  En el caso del geri\u00e1trico \u201cAbuela Bety\u201d se encontraron con buenas condiciones aparentes de higiene, con abuelos en aparente buen estado general, pero se encontraron que 10 \u2018empleadas\u2019 trabajaban en negro, dos de ellas estaban encerradas en un cuarto, desconocen si por indicaci\u00f3n del due\u00f1o o no; la inspectora de Seguridad e Higiene marc\u00f3 la falta de salidas de emergencias, la falta de regularizaci\u00f3n de los matafuegos, la improvisaci\u00f3n de habitaciones en los garajes, que durante la noche se queda una sola empleada al cuidado de 36 abuelos y, algunas otras cosas m\u00e1s.<\/p>\n<p>  \u201cNosotros vamos a seguir recorriendo la zona con la Secretaria de Sanidad Nilda Iglesias, para que los geri\u00e1tricos est\u00e9n habilitados como corresponde y los trabajadores est\u00e9n en blanco, no en negro, con sueldos miserables y sin poder gozar de los derechos que les corresponden. Desde la Secretar\u00eda Regional no vamos a permitir que haya trabajo en negro, esclavo o precarizado y vamos a acompa\u00f1ar a los trabajadores\u201d asegur\u00f3 Juan Cruz Acosta.<\/p>\n","protected":false},"excerpt":{"rendered":"<p>Juan cruz Acosta y Ra\u00fal Ben\u00edtez en representaci\u00f3n del Sindicato de municipales e integrantes de la Secretar\u00eda Regional San Pedro-Baradero. Dentro de las actividades de la Secretar\u00eda Regional San Pedro \u2013 Baradero, se realizan reuniones cada 15 d\u00edas d\u00f3nde cada gremio cuenta las problem\u00e1ticas que tiene. De estas reuniones parti\u00f3 la decisi\u00f3n de realizar controles [&hellip;]<\/p>\n","protected":false},"author":4,"featured_media":33356,"comment_status":"open","ping_status":"closed","sticky":false,"template":"","format":"standard","meta":{"om_disable_all_campaigns":false,"_jetpack_memberships_contains_paid_content":false,"footnotes":""},"categories":[101,2],"tags":[],"class_list":["post-33355","post","type-post","status-publish","format-standard","has-post-thumbnail","hentry","category-interes-general-locales","category-locales"],"aioseo_notices":[],"gutentor_comment":0,"jetpack_featured_media_url":"https:\/\/eldiariodesanpedro.com.ar\/sitio\/wp-content\/uploads\/2018\/05\/000068657.jpg","jetpack_shortlink":"https:\/\/wp.me\/p6RhLt-8FZ","jetpack_sharing_enabled":true,"_links":{"self":[{"href":"https:\/\/eldiariodesanpedro.com.ar\/sitio\/wp-json\/wp\/v2\/posts\/33355","targetHints":{"allow":["GET"]}}],"collection":[{"href":"https:\/\/eldiariodesanpedro.com.ar\/sitio\/wp-json\/wp\/v2\/posts"}],"about":[{"href":"https:\/\/eldiariodesanpedro.com.ar\/sitio\/wp-json\/wp\/v2\/types\/post"}],"author":[{"embeddable":true,"href":"https:\/\/eldiariodesanpedro.com.ar\/sitio\/wp-json\/wp\/v2\/users\/4"}],"replies":[{"embeddable":true,"href":"https:\/\/eldiariodesanpedro.com.ar\/sitio\/wp-json\/wp\/v2\/comments?post=33355"}],"version-history":[{"count":1,"href":"https:\/\/eldiariodesanpedro.com.ar\/sitio\/wp-json\/wp\/v2\/posts\/33355\/revisions"}],"predecessor-version":[{"id":33357,"href":"https:\/\/eldiariodesanpedro.com.ar\/sitio\/wp-json\/wp\/v2\/posts\/33355\/revisions\/33357"}],"wp:featuredmedia":[{"embeddable":true,"href":"https:\/\/eldiariodesanpedro.com.ar\/sitio\/wp-json\/wp\/v2\/media\/33356"}],"wp:attachment":[{"href":"https:\/\/eldiariodesanpedro.com.ar\/sitio\/wp-json\/wp\/v2\/media?parent=33355"}],"wp:term":[{"taxonomy":"category","embeddable":true,"href":"https:\/\/eldiariodesanpedro.com.ar\/sitio\/wp-json\/wp\/v2\/categories?post=33355"},{"taxonomy":"post_tag","embeddable":true,"href":"https:\/\/eldiariodesanpedro.com.ar\/sitio\/wp-json\/wp\/v2\/tags?post=33355"}],"curies":[{"name":"wp","href":"https:\/\/api.w.org\/{rel}","templated":true}]}}