{"id":33352,"date":"2018-05-17T17:23:51","date_gmt":"2018-05-17T20:23:51","guid":{"rendered":"https:\/\/eldiariodesanpedro.com.ar\/sitio\/?p=33352"},"modified":"2018-05-17T17:23:51","modified_gmt":"2018-05-17T20:23:51","slug":"murio-sandra-martinez-quien-fue-golpeada-por-su-hijo","status":"publish","type":"post","link":"https:\/\/eldiariodesanpedro.com.ar\/sitio\/murio-sandra-martinez-quien-fue-golpeada-por-su-hijo\/","title":{"rendered":"Muri\u00f3 Sandra Mart\u00ednez quien fue golpeada por su hijo"},"content":{"rendered":"<p><!-- VideographyWP Plugin Message: Automatic video embedding prevented by plugin options. --><br \/>\nEste jueves en las primeras horas del dia se conocio la muerte de Sandra Martinez de 52 a\u00f1os de edad quien se encontraba internada en un sanatorio de la ciudad de La Plata tras recibir pun golpe en la cabeza por parte de su hijo en un complejo episodio.<\/p>\n<p>Alrededor de la 01:30 hs en un nosocomio de la localidad de La Plata fallecio la mujer conocida como Sandra Martinez quien se encontraba internada en coma desde el lunes 02 de abril cuando ella fue junto con otros hijos y amigos hasta la casa de su agresor, su propio hijo Matias Gonzalez de 35 a\u00f1os de edad a pedirle que le duvuelva la casa que le habia prestado, por la que ya largo tiempo se venian disputando la posesion.<br \/>\nEn esa noche se produjo una ri\u00f1a entre hermanos en la que termino a Gomzalez golpeandole la cabeza a su madre con un objeto contundente que la dejo inconciente.<\/p>\n<p>Luego, a ra\u00edz de las complicaciones de su cuadro, fue derivada a un centro de mayor complejidad ubicado en la capital provincial, donde falleci\u00f3 ahora, un mes y medio despu\u00e9s del violento episodio en el que recibi\u00f3 la agresi\u00f3n.<br \/>\nLa Fiscal\u00eda N\u00b0 11 que conduce Viviana Ramos hab\u00eda instruido una causa por \u00ablesiones\u00bb que ahora deber\u00e1 ser recaratulada como \u00abhomicidio agravado por el v\u00ednculo\u00bb y que tendr\u00e1 al hijo de Sandra Mart\u00ednez como acusado de haber asesinado a su madre.<\/p>\n<p>El Diario de San Pedro entrevisto al acusado del hecho donde el brindo su declaraci\u00f3n de los hechos:  \u201cDespu\u00e9s de matarnos a palos, rompernos toda la casa, sacar a las nenas del pelo afuera, nos resistimos porque no quer\u00edamos dejar la casa. Sandra se baja de un auto para querer entrar a mi casa y yo agarr\u00e9 un palo y le pegu\u00e9, pero no me acuerdo puntualmente de ese momento, s\u00f3lo que el polic\u00eda me dec\u00eda que parara. Me detuvieron, estuve hospitalizado. Yo tampoco me acuerdo quien me apu\u00f1al\u00f3, fue una situaci\u00f3n horrible\u201d.<\/p>\n","protected":false},"excerpt":{"rendered":"<p>Este jueves en las primeras horas del dia se conocio la muerte de Sandra Martinez de 52 a\u00f1os de edad quien se encontraba internada en un sanatorio de la ciudad de La Plata tras recibir pun golpe en la cabeza por parte de su hijo en un complejo episodio. Alrededor de la 01:30 hs en [&hellip;]<\/p>\n","protected":false},"author":4,"featured_media":33353,"comment_status":"open","ping_status":"closed","sticky":false,"template":"","format":"standard","meta":{"om_disable_all_campaigns":false,"_jetpack_memberships_contains_paid_content":false,"footnotes":""},"categories":[50,2,103],"tags":[],"class_list":["post-33352","post","type-post","status-publish","format-standard","has-post-thumbnail","hentry","category-destacadas","category-locales","category-policiales-locales"],"aioseo_notices":[],"gutentor_comment":0,"jetpack_featured_media_url":"https:\/\/eldiariodesanpedro.com.ar\/sitio\/wp-content\/uploads\/2018\/05\/quedo_en_coma.jpg_1734428432.jpg","jetpack_shortlink":"https:\/\/wp.me\/p6RhLt-8FW","jetpack_sharing_enabled":true,"_links":{"self":[{"href":"https:\/\/eldiariodesanpedro.com.ar\/sitio\/wp-json\/wp\/v2\/posts\/33352","targetHints":{"allow":["GET"]}}],"collection":[{"href":"https:\/\/eldiariodesanpedro.com.ar\/sitio\/wp-json\/wp\/v2\/posts"}],"about":[{"href":"https:\/\/eldiariodesanpedro.com.ar\/sitio\/wp-json\/wp\/v2\/types\/post"}],"author":[{"embeddable":true,"href":"https:\/\/eldiariodesanpedro.com.ar\/sitio\/wp-json\/wp\/v2\/users\/4"}],"replies":[{"embeddable":true,"href":"https:\/\/eldiariodesanpedro.com.ar\/sitio\/wp-json\/wp\/v2\/comments?post=33352"}],"version-history":[{"count":1,"href":"https:\/\/eldiariodesanpedro.com.ar\/sitio\/wp-json\/wp\/v2\/posts\/33352\/revisions"}],"predecessor-version":[{"id":33354,"href":"https:\/\/eldiariodesanpedro.com.ar\/sitio\/wp-json\/wp\/v2\/posts\/33352\/revisions\/33354"}],"wp:featuredmedia":[{"embeddable":true,"href":"https:\/\/eldiariodesanpedro.com.ar\/sitio\/wp-json\/wp\/v2\/media\/33353"}],"wp:attachment":[{"href":"https:\/\/eldiariodesanpedro.com.ar\/sitio\/wp-json\/wp\/v2\/media?parent=33352"}],"wp:term":[{"taxonomy":"category","embeddable":true,"href":"https:\/\/eldiariodesanpedro.com.ar\/sitio\/wp-json\/wp\/v2\/categories?post=33352"},{"taxonomy":"post_tag","embeddable":true,"href":"https:\/\/eldiariodesanpedro.com.ar\/sitio\/wp-json\/wp\/v2\/tags?post=33352"}],"curies":[{"name":"wp","href":"https:\/\/api.w.org\/{rel}","templated":true}]}}