{"id":33349,"date":"2018-05-17T17:00:30","date_gmt":"2018-05-17T20:00:30","guid":{"rendered":"https:\/\/eldiariodesanpedro.com.ar\/sitio\/?p=33349"},"modified":"2018-05-17T17:00:30","modified_gmt":"2018-05-17T20:00:30","slug":"nazareno-monzon-recibira-la-pena-de-8-anos-por-el-asesinato-de-pedro-caballero","status":"publish","type":"post","link":"https:\/\/eldiariodesanpedro.com.ar\/sitio\/nazareno-monzon-recibira-la-pena-de-8-anos-por-el-asesinato-de-pedro-caballero\/","title":{"rendered":"Nazareno Monz\u00f3n recibir\u00e1 la pena de 8 a\u00f1os por el asesinato de Pedro Caballero"},"content":{"rendered":"<p><!-- VideographyWP Plugin Message: Automatic video embedding prevented by plugin options. --><br \/>\nLuego de un a\u00f1o y medio desde que ocurrio el hecho donde fue asesinado Pedro Caballero la defensa y la fiscalia llegaron a un acuerdo para firmar un juicio abrevidao en el que Nazareno Monzon recibira 8 a\u00f1os de prision.<\/p>\n<p>Este mi\u00e9rcoles el Dr. Alejandro Ares abogado del \u00fanico imputado Nazareno Monz\u00f3n quien se encuentra detenido en el penal de San Nicolas llego a un acuerdo con el Dr. Marcelo Manso fiscal de la causa  para realizar un juicio abreviado donde el joven de 28 a\u00f1os se har\u00eda completamente responsable de lo sucedido aquella noche tr\u00e1gica.<\/p>\n<p>Recordemos que el hecho tuvo lugar en el local nocturno Napole ubicado en calle Mitre al 1200 el 14 de Noviembre de 2016, luego de que Pedro Caballero junto a su hermano y amigos oriundos de la localidad de Ramos Mej\u00eda vinieran a nuestra ciudad a pasar el dia en una quinta decidieron salir a bailar, cuando tras un discusi\u00f3n alrededor de las 3:30 horas termino en la muerte del joven de 24 a\u00f1os y las heridas de su hermano y de un amigo al recibir puntazos. El joven al ser sacado del boliche por los seguridad del establecimiento se desangro en la vereda del mismo y fue trasladado  en un veh\u00edculo particular r\u00e1pidamente a la guardia del hospital local donde pierde la vida.<br \/>\nSe determino que Pedro Caballero ten\u00eda un puntazo en el t\u00f3rax y un corte profundo en la espalda a la altura del ri\u00f1\u00f3n.<\/p>\n<p>El acuerdo entre las dos partes dejar\u00eda expuesto la culpabilidad de Nazareno Monz\u00f3n quien de esta manera reconocer\u00eda la culpa del hecho teniendo en cuenta la cantidad de pruebas en su contra. En este caso Monz\u00f3n deber\u00e1 cumplir la totalidad de la condena que sera de 8 a\u00f1os asumiendo toda la responsabilidad del caso incluyendo las heridas ocasionadas a los otros dos individuos heridos.<\/p>\n","protected":false},"excerpt":{"rendered":"<p>Luego de un a\u00f1o y medio desde que ocurrio el hecho donde fue asesinado Pedro Caballero la defensa y la fiscalia llegaron a un acuerdo para firmar un juicio abrevidao en el que Nazareno Monzon recibira 8 a\u00f1os de prision. Este mi\u00e9rcoles el Dr. Alejandro Ares abogado del \u00fanico imputado Nazareno Monz\u00f3n quien se encuentra [&hellip;]<\/p>\n","protected":false},"author":4,"featured_media":33350,"comment_status":"open","ping_status":"closed","sticky":false,"template":"","format":"standard","meta":{"om_disable_all_campaigns":false,"_jetpack_memberships_contains_paid_content":false,"footnotes":""},"categories":[50,2,103],"tags":[],"class_list":["post-33349","post","type-post","status-publish","format-standard","has-post-thumbnail","hentry","category-destacadas","category-locales","category-policiales-locales"],"aioseo_notices":[],"gutentor_comment":0,"jetpack_featured_media_url":"https:\/\/eldiariodesanpedro.com.ar\/sitio\/wp-content\/uploads\/2018\/05\/PAGINA-4-1.jpg","jetpack_shortlink":"https:\/\/wp.me\/p6RhLt-8FT","jetpack_sharing_enabled":true,"_links":{"self":[{"href":"https:\/\/eldiariodesanpedro.com.ar\/sitio\/wp-json\/wp\/v2\/posts\/33349","targetHints":{"allow":["GET"]}}],"collection":[{"href":"https:\/\/eldiariodesanpedro.com.ar\/sitio\/wp-json\/wp\/v2\/posts"}],"about":[{"href":"https:\/\/eldiariodesanpedro.com.ar\/sitio\/wp-json\/wp\/v2\/types\/post"}],"author":[{"embeddable":true,"href":"https:\/\/eldiariodesanpedro.com.ar\/sitio\/wp-json\/wp\/v2\/users\/4"}],"replies":[{"embeddable":true,"href":"https:\/\/eldiariodesanpedro.com.ar\/sitio\/wp-json\/wp\/v2\/comments?post=33349"}],"version-history":[{"count":1,"href":"https:\/\/eldiariodesanpedro.com.ar\/sitio\/wp-json\/wp\/v2\/posts\/33349\/revisions"}],"predecessor-version":[{"id":33351,"href":"https:\/\/eldiariodesanpedro.com.ar\/sitio\/wp-json\/wp\/v2\/posts\/33349\/revisions\/33351"}],"wp:featuredmedia":[{"embeddable":true,"href":"https:\/\/eldiariodesanpedro.com.ar\/sitio\/wp-json\/wp\/v2\/media\/33350"}],"wp:attachment":[{"href":"https:\/\/eldiariodesanpedro.com.ar\/sitio\/wp-json\/wp\/v2\/media?parent=33349"}],"wp:term":[{"taxonomy":"category","embeddable":true,"href":"https:\/\/eldiariodesanpedro.com.ar\/sitio\/wp-json\/wp\/v2\/categories?post=33349"},{"taxonomy":"post_tag","embeddable":true,"href":"https:\/\/eldiariodesanpedro.com.ar\/sitio\/wp-json\/wp\/v2\/tags?post=33349"}],"curies":[{"name":"wp","href":"https:\/\/api.w.org\/{rel}","templated":true}]}}