{"id":33346,"date":"2018-05-17T16:13:04","date_gmt":"2018-05-17T19:13:04","guid":{"rendered":"https:\/\/eldiariodesanpedro.com.ar\/sitio\/?p=33346"},"modified":"2018-05-17T16:13:04","modified_gmt":"2018-05-17T19:13:04","slug":"fue-encontrada-la-joven-de-21-anos-buscada","status":"publish","type":"post","link":"https:\/\/eldiariodesanpedro.com.ar\/sitio\/fue-encontrada-la-joven-de-21-anos-buscada\/","title":{"rendered":"Fue encontrada la joven de 21 a\u00f1os buscada"},"content":{"rendered":"<p><!-- VideographyWP Plugin Message: Automatic video embedding prevented by plugin options. --><br \/>\nEste mi\u00e9rcoles en relaci\u00f3n a la averiguaci\u00f3n de paradero de la joven de 21 a\u00f1os que se hab\u00eda retirado el dia martes por la tarde, la misma fue ubicada en la ciudad de Villa Ramallo.<\/p>\n<p>Luego de que se le recepcion\u00f3 declaraci\u00f3n testimonial a varios familiares de esa ciudad, donde en momento de declaraci\u00f3n uno de ellos se quebr\u00f3 y refiri\u00f3 que estaba oculta en su casa, por lo cual se concurri\u00f3 hasta ese domicilio desde donde se la traslad\u00f3 a Gobernador Castro y se la entrego a su progenitora.<\/p>\n","protected":false},"excerpt":{"rendered":"<p>Este mi\u00e9rcoles en relaci\u00f3n a la averiguaci\u00f3n de paradero de la joven de 21 a\u00f1os que se hab\u00eda retirado el dia martes por la tarde, la misma fue ubicada en la ciudad de Villa Ramallo. Luego de que se le recepcion\u00f3 declaraci\u00f3n testimonial a varios familiares de esa ciudad, donde en momento de declaraci\u00f3n uno [&hellip;]<\/p>\n","protected":false},"author":4,"featured_media":33347,"comment_status":"open","ping_status":"closed","sticky":false,"template":"","format":"standard","meta":{"om_disable_all_campaigns":false,"_jetpack_memberships_contains_paid_content":false,"footnotes":""},"categories":[2,103],"tags":[],"class_list":["post-33346","post","type-post","status-publish","format-standard","has-post-thumbnail","hentry","category-locales","category-policiales-locales"],"aioseo_notices":[],"gutentor_comment":0,"jetpack_featured_media_url":"https:\/\/eldiariodesanpedro.com.ar\/sitio\/wp-content\/uploads\/2018\/05\/buscada-800x445.jpg","jetpack_shortlink":"https:\/\/wp.me\/p6RhLt-8FQ","jetpack_sharing_enabled":true,"_links":{"self":[{"href":"https:\/\/eldiariodesanpedro.com.ar\/sitio\/wp-json\/wp\/v2\/posts\/33346","targetHints":{"allow":["GET"]}}],"collection":[{"href":"https:\/\/eldiariodesanpedro.com.ar\/sitio\/wp-json\/wp\/v2\/posts"}],"about":[{"href":"https:\/\/eldiariodesanpedro.com.ar\/sitio\/wp-json\/wp\/v2\/types\/post"}],"author":[{"embeddable":true,"href":"https:\/\/eldiariodesanpedro.com.ar\/sitio\/wp-json\/wp\/v2\/users\/4"}],"replies":[{"embeddable":true,"href":"https:\/\/eldiariodesanpedro.com.ar\/sitio\/wp-json\/wp\/v2\/comments?post=33346"}],"version-history":[{"count":1,"href":"https:\/\/eldiariodesanpedro.com.ar\/sitio\/wp-json\/wp\/v2\/posts\/33346\/revisions"}],"predecessor-version":[{"id":33348,"href":"https:\/\/eldiariodesanpedro.com.ar\/sitio\/wp-json\/wp\/v2\/posts\/33346\/revisions\/33348"}],"wp:featuredmedia":[{"embeddable":true,"href":"https:\/\/eldiariodesanpedro.com.ar\/sitio\/wp-json\/wp\/v2\/media\/33347"}],"wp:attachment":[{"href":"https:\/\/eldiariodesanpedro.com.ar\/sitio\/wp-json\/wp\/v2\/media?parent=33346"}],"wp:term":[{"taxonomy":"category","embeddable":true,"href":"https:\/\/eldiariodesanpedro.com.ar\/sitio\/wp-json\/wp\/v2\/categories?post=33346"},{"taxonomy":"post_tag","embeddable":true,"href":"https:\/\/eldiariodesanpedro.com.ar\/sitio\/wp-json\/wp\/v2\/tags?post=33346"}],"curies":[{"name":"wp","href":"https:\/\/api.w.org\/{rel}","templated":true}]}}