{"id":33342,"date":"2018-05-17T15:12:14","date_gmt":"2018-05-17T18:12:14","guid":{"rendered":"https:\/\/eldiariodesanpedro.com.ar\/sitio\/?p=33342"},"modified":"2018-05-17T15:21:09","modified_gmt":"2018-05-17T18:21:09","slug":"se-presentaron-22-propuestas-para-la-191-y-el-acceso-a-santa-lucia","status":"publish","type":"post","link":"https:\/\/eldiariodesanpedro.com.ar\/sitio\/se-presentaron-22-propuestas-para-la-191-y-el-acceso-a-santa-lucia\/","title":{"rendered":"Se presentaron 22 propuestas para la 191 y el acceso a Santa Luc\u00eda"},"content":{"rendered":"<p><!-- VideographyWP Plugin Message: Automatic video embedding prevented by plugin options. --><br \/>\nEn la sede de la Direcci\u00f3n Provincial de Vialidad se cumpli\u00f3 esta ma\u00f1ana con la apertura de las propuestas presentadas para la ejecuci\u00f3n de la obra de pavimentaci\u00f3n de un tramo de la ruta 191 y del acceso a Santa Lucia.<\/p>\n<p>El Intendente Cecilio Salazar el Secretario de Coordinaci\u00f3n Dr. Ram\u00f3n Salazar, el Delegado de Santa Luc\u00eda Luis Caram\u00fan y Gerardo Corti, Ricardo Barboza, Sergio Montero y Alejandra Contreras, en representaci\u00f3n de los vecinos y comisi\u00f3n de fomento de la localidad, participaron del acto en el que fueron oficialmente recepcionadas las carpetas de antecedentes t\u00e9cnicos y propuesta econ\u00f3mica para esta esperada cobra que fue licitada con un presupuesto inicial de aproximadamente 158 millones de pesos.<\/p>\n<p>Las autoridades de Vialidad abrieron las presentaciones realizadas por 22 empresas de las cu\u00e1les la de firma Reano S.A. que cotiz\u00f3 139.984.256,26, por debajo del presupuesto inicial, fue la mas baja.<\/p>\n<p>A partir de ahora se abre el plazo de an\u00e1lisis hasta determinar la adjudicaci\u00f3n luego de la cual comenzar\u00edan a regir los plazos de ejecuci\u00f3n.<\/p>\n<p>El proyecto completo incluye la repavimentaci\u00f3n de R.P N\u00b0 191 (Etapa I) &#8211; Tramo: R.N N\u00b0 9 &#8211; Acceso a Santa Luc\u00eda (Camino 099-08) y Camino: 099-08 (Acceso a Santa Luc\u00eda), Tramo: R.P N\u00b0 191  &#8211; Santa Luc\u00eda con una extensi\u00f3n de 26.800,00 metros, en jurisdicci\u00f3n del partido de San Pedro.<\/p>\n","protected":false},"excerpt":{"rendered":"<p>En la sede de la Direcci\u00f3n Provincial de Vialidad se cumpli\u00f3 esta ma\u00f1ana con la apertura de las propuestas presentadas para la ejecuci\u00f3n de la obra de pavimentaci\u00f3n de un tramo de la ruta 191 y del acceso a Santa Lucia. El Intendente Cecilio Salazar el Secretario de Coordinaci\u00f3n Dr. Ram\u00f3n Salazar, el Delegado de [&hellip;]<\/p>\n","protected":false},"author":4,"featured_media":33343,"comment_status":"open","ping_status":"closed","sticky":false,"template":"","format":"standard","meta":{"om_disable_all_campaigns":false,"_jetpack_memberships_contains_paid_content":false,"footnotes":""},"categories":[50,101,2],"tags":[],"class_list":["post-33342","post","type-post","status-publish","format-standard","has-post-thumbnail","hentry","category-destacadas","category-interes-general-locales","category-locales"],"aioseo_notices":[],"gutentor_comment":0,"jetpack_featured_media_url":"https:\/\/eldiariodesanpedro.com.ar\/sitio\/wp-content\/uploads\/2018\/05\/pastedImage-1-2.png","jetpack_shortlink":"https:\/\/wp.me\/p6RhLt-8FM","jetpack_sharing_enabled":true,"_links":{"self":[{"href":"https:\/\/eldiariodesanpedro.com.ar\/sitio\/wp-json\/wp\/v2\/posts\/33342","targetHints":{"allow":["GET"]}}],"collection":[{"href":"https:\/\/eldiariodesanpedro.com.ar\/sitio\/wp-json\/wp\/v2\/posts"}],"about":[{"href":"https:\/\/eldiariodesanpedro.com.ar\/sitio\/wp-json\/wp\/v2\/types\/post"}],"author":[{"embeddable":true,"href":"https:\/\/eldiariodesanpedro.com.ar\/sitio\/wp-json\/wp\/v2\/users\/4"}],"replies":[{"embeddable":true,"href":"https:\/\/eldiariodesanpedro.com.ar\/sitio\/wp-json\/wp\/v2\/comments?post=33342"}],"version-history":[{"count":2,"href":"https:\/\/eldiariodesanpedro.com.ar\/sitio\/wp-json\/wp\/v2\/posts\/33342\/revisions"}],"predecessor-version":[{"id":33345,"href":"https:\/\/eldiariodesanpedro.com.ar\/sitio\/wp-json\/wp\/v2\/posts\/33342\/revisions\/33345"}],"wp:featuredmedia":[{"embeddable":true,"href":"https:\/\/eldiariodesanpedro.com.ar\/sitio\/wp-json\/wp\/v2\/media\/33343"}],"wp:attachment":[{"href":"https:\/\/eldiariodesanpedro.com.ar\/sitio\/wp-json\/wp\/v2\/media?parent=33342"}],"wp:term":[{"taxonomy":"category","embeddable":true,"href":"https:\/\/eldiariodesanpedro.com.ar\/sitio\/wp-json\/wp\/v2\/categories?post=33342"},{"taxonomy":"post_tag","embeddable":true,"href":"https:\/\/eldiariodesanpedro.com.ar\/sitio\/wp-json\/wp\/v2\/tags?post=33342"}],"curies":[{"name":"wp","href":"https:\/\/api.w.org\/{rel}","templated":true}]}}