{"id":33313,"date":"2018-05-16T20:11:51","date_gmt":"2018-05-16T23:11:51","guid":{"rendered":"https:\/\/eldiariodesanpedro.com.ar\/sitio\/?p=33313"},"modified":"2026-01-24T00:13:35","modified_gmt":"2026-01-24T03:13:35","slug":"torneos-bonaerenses-dio-inicio-la-etapa-local-con-natacion-voley-y-hockey","status":"publish","type":"post","link":"https:\/\/eldiariodesanpedro.com.ar\/sitio\/torneos-bonaerenses-dio-inicio-la-etapa-local-con-natacion-voley-y-hockey\/","title":{"rendered":"TORNEOS BONAERENSES: Dio inicio la etapa local con Nataci\u00f3n, V\u00f3ley y Hockey"},"content":{"rendered":"<p><!-- VideographyWP Plugin Message: Automatic video embedding prevented by plugin options. --><br \/>\n  Comenz\u00f3 la etapa local de los Juegos Bonaerenses con Nataci\u00f3n en la pileta climatizada del Club N\u00e1utico San Pedro. El pasado lunes y ayer lo hizo con V\u00f3ley y Hockey. Para el resto de la semana la agenda, si las condiciones clim\u00e1ticas lo permiten es la siguiente:<\/p>\n<p>Mi\u00e9rcoles 16 &#8211; Beach V\u00f3ley en el Club N\u00e1utico San Pedro y B\u00e1squetbol tambi\u00e9n en el N\u00e1utico desde las 13<br \/>\nJueves 17 &#8211; Padel en el Club N\u00e1utico San Pedro desde las 8 y Acuatl\u00f3n en el CNSP desde las 11<br \/>\nViernes 18 &#8211; Atletismo en el Estadio desde las 8.<\/p>\n<p>S\u00e1bado 19 &#8211; Canotaje en el Club de Pescadores y N\u00e1utica de San Pedro desde las 8<br \/>\nLunes 21 &#8211; Ajedrez en el Club de Pelota desde las 8 y F\u00fatbol Playa horario y lugar a confirmar<br \/>\nMartes 22 &#8211; Tenis Single Sub 14, Sub 16 y Sub 18 en el Club de Pescadores<br \/>\nMi\u00e9rcoles 23 &#8211; Tenis Doble Sub 14, Sub 16 en Los Andes. Softboll Sub 14, Sub 16 en el Estadio Municipal.<\/p>\n","protected":false},"excerpt":{"rendered":"<p>Comenz\u00f3 la etapa local de los Juegos Bonaerenses con Nataci\u00f3n en la pileta climatizada del Club N\u00e1utico San Pedro. El pasado lunes y ayer lo hizo con V\u00f3ley y Hockey. Para el resto de la semana la agenda, si las condiciones clim\u00e1ticas lo permiten es la siguiente: Mi\u00e9rcoles 16 &#8211; Beach V\u00f3ley en el Club [&hellip;]<\/p>\n","protected":false},"author":4,"featured_media":33316,"comment_status":"open","ping_status":"closed","sticky":false,"template":"","format":"standard","meta":{"om_disable_all_campaigns":false,"_jetpack_memberships_contains_paid_content":false,"footnotes":""},"categories":[5],"tags":[],"class_list":["post-33313","post","type-post","status-publish","format-standard","has-post-thumbnail","hentry","category-deportes"],"aioseo_notices":[],"gutentor_comment":0,"jetpack_featured_media_url":"https:\/\/eldiariodesanpedro.com.ar\/sitio\/wp-content\/uploads\/2018\/05\/juegos-bonaerenses-2018.jpg","jetpack_shortlink":"https:\/\/wp.me\/p6RhLt-8Fj","jetpack_sharing_enabled":true,"_links":{"self":[{"href":"https:\/\/eldiariodesanpedro.com.ar\/sitio\/wp-json\/wp\/v2\/posts\/33313","targetHints":{"allow":["GET"]}}],"collection":[{"href":"https:\/\/eldiariodesanpedro.com.ar\/sitio\/wp-json\/wp\/v2\/posts"}],"about":[{"href":"https:\/\/eldiariodesanpedro.com.ar\/sitio\/wp-json\/wp\/v2\/types\/post"}],"author":[{"embeddable":true,"href":"https:\/\/eldiariodesanpedro.com.ar\/sitio\/wp-json\/wp\/v2\/users\/4"}],"replies":[{"embeddable":true,"href":"https:\/\/eldiariodesanpedro.com.ar\/sitio\/wp-json\/wp\/v2\/comments?post=33313"}],"version-history":[{"count":1,"href":"https:\/\/eldiariodesanpedro.com.ar\/sitio\/wp-json\/wp\/v2\/posts\/33313\/revisions"}],"predecessor-version":[{"id":33317,"href":"https:\/\/eldiariodesanpedro.com.ar\/sitio\/wp-json\/wp\/v2\/posts\/33313\/revisions\/33317"}],"wp:featuredmedia":[{"embeddable":true,"href":"https:\/\/eldiariodesanpedro.com.ar\/sitio\/wp-json\/wp\/v2\/media\/33316"}],"wp:attachment":[{"href":"https:\/\/eldiariodesanpedro.com.ar\/sitio\/wp-json\/wp\/v2\/media?parent=33313"}],"wp:term":[{"taxonomy":"category","embeddable":true,"href":"https:\/\/eldiariodesanpedro.com.ar\/sitio\/wp-json\/wp\/v2\/categories?post=33313"},{"taxonomy":"post_tag","embeddable":true,"href":"https:\/\/eldiariodesanpedro.com.ar\/sitio\/wp-json\/wp\/v2\/tags?post=33313"}],"curies":[{"name":"wp","href":"https:\/\/api.w.org\/{rel}","templated":true}]}}