{"id":33311,"date":"2018-05-16T20:09:07","date_gmt":"2018-05-16T23:09:07","guid":{"rendered":"https:\/\/eldiariodesanpedro.com.ar\/sitio\/?p=33311"},"modified":"2026-01-24T00:13:35","modified_gmt":"2026-01-24T03:13:35","slug":"bochas-huincalo-clasifico-al-provincial-de-tercetos","status":"publish","type":"post","link":"https:\/\/eldiariodesanpedro.com.ar\/sitio\/bochas-huincalo-clasifico-al-provincial-de-tercetos\/","title":{"rendered":"BOCHAS: Huincal\u00f3 clasific\u00f3 al provincial de Tercetos"},"content":{"rendered":"<p><!-- VideographyWP Plugin Message: Automatic video embedding prevented by plugin options. --><br \/>\n  Este domingo la Asociaci\u00f3n de Bochas de San Pedro, tuvo la responsabilidad de organizar el torneo zonal correspondiente a la zona N\u00ba 1 de la provincia de Buenos Aires, y fiscalizado por la Federaci\u00f3n de Bochas bonaerense, conjuntamente con otras 6 zonas, torneo que clasifica a dos participantes por zona, que sumado a dos equipos del organizador del Campeonato Provincial, se suma 16 clubes, que disputaran el \u201cCampeonato Provincial De Tercetos Caballeros\u201d denominado \u201cclubes campeones\u201d, buscando el representante del campeonato argentino de la especialidad.<\/p>\n<p>  El segundo lugar clasific\u00f3 Pineral F.C. de Zarate, el Club A. Huincal\u00f3 se hab\u00eda adjudicado el derecho a participar del torneo zonal, al haber ganado el torneo selectivo en San Pedro,  y la representaci\u00f3n de disputar en nuestra ciudad el torneo zonal, y al haberse adjudicado el  zonal disputara el  campeonato provincial de \u201cclubes campeones\u201d de tercetos caballeros, que se llevara a cabo los d\u00edas 2 y 3 de junio pr\u00f3ximo, en Tres Arroyos, desde donde saldr\u00e1 el campe\u00f3n que represente a la provincia de buenos aires en el pr\u00f3ximo campeonato argentino de la especialidad del 22 al 24 de junio en la ciudad de Oncativo (C\u00f3rdoba).-<\/p>\n<p><strong>Campa\u00f1a de Huincal\u00f3<\/strong><br \/>\nHuincal\u00f3 15 \u2013San Nicol\u00e1s 10\/15-10 a Z\u00e1rate\/15-10 a Pergamino\/15-0 a Rojas.<\/p>\n<p><strong>Posiciones Finales<\/strong><br \/>\n1\u00ba) Club Atl\u00e9tico Huincal\u00f3 (San Pedro) 4 Puntos &#8211; Disputar\u00e1 el Provincial<br \/>\n2\u00ba) Pineral F.C. (Z\u00e1rate) 3 Puntos &#8211; Disputar\u00e1 el Provincial<br \/>\n3\u00ba) Club 4 de Octubre (Rojas) 2 puntos<br \/>\n4\u00ba) Club 15 de Agosto (San Nicol\u00e1s) 1 punto<br \/>\n5\u00ba) Club A. Progresista de Guerrico (Pergamino) 0 Puntos<\/p>\n<p><strong>El plantel sampedrino<\/strong><br \/>\nH\u00e9ctor Marigliano, Ariel R\u00edos, Leandro Gunt\u00edn, Sandro Melgar. Director T\u00e9cnico y Delegado: Mario Fantile. Prensa: Ra\u00fal Cuello<\/p>\n","protected":false},"excerpt":{"rendered":"<p>Este domingo la Asociaci\u00f3n de Bochas de San Pedro, tuvo la responsabilidad de organizar el torneo zonal correspondiente a la zona N\u00ba 1 de la provincia de Buenos Aires, y fiscalizado por la Federaci\u00f3n de Bochas bonaerense, conjuntamente con otras 6 zonas, torneo que clasifica a dos participantes por zona, que sumado a dos equipos [&hellip;]<\/p>\n","protected":false},"author":4,"featured_media":14790,"comment_status":"open","ping_status":"closed","sticky":false,"template":"","format":"standard","meta":{"om_disable_all_campaigns":false,"_jetpack_memberships_contains_paid_content":false,"footnotes":""},"categories":[5],"tags":[],"class_list":["post-33311","post","type-post","status-publish","format-standard","has-post-thumbnail","hentry","category-deportes"],"aioseo_notices":[],"gutentor_comment":0,"jetpack_featured_media_url":"https:\/\/eldiariodesanpedro.com.ar\/sitio\/wp-content\/uploads\/2017\/02\/bochas.jpg","jetpack_shortlink":"https:\/\/wp.me\/p6RhLt-8Fh","jetpack_sharing_enabled":true,"_links":{"self":[{"href":"https:\/\/eldiariodesanpedro.com.ar\/sitio\/wp-json\/wp\/v2\/posts\/33311","targetHints":{"allow":["GET"]}}],"collection":[{"href":"https:\/\/eldiariodesanpedro.com.ar\/sitio\/wp-json\/wp\/v2\/posts"}],"about":[{"href":"https:\/\/eldiariodesanpedro.com.ar\/sitio\/wp-json\/wp\/v2\/types\/post"}],"author":[{"embeddable":true,"href":"https:\/\/eldiariodesanpedro.com.ar\/sitio\/wp-json\/wp\/v2\/users\/4"}],"replies":[{"embeddable":true,"href":"https:\/\/eldiariodesanpedro.com.ar\/sitio\/wp-json\/wp\/v2\/comments?post=33311"}],"version-history":[{"count":2,"href":"https:\/\/eldiariodesanpedro.com.ar\/sitio\/wp-json\/wp\/v2\/posts\/33311\/revisions"}],"predecessor-version":[{"id":33315,"href":"https:\/\/eldiariodesanpedro.com.ar\/sitio\/wp-json\/wp\/v2\/posts\/33311\/revisions\/33315"}],"wp:featuredmedia":[{"embeddable":true,"href":"https:\/\/eldiariodesanpedro.com.ar\/sitio\/wp-json\/wp\/v2\/media\/14790"}],"wp:attachment":[{"href":"https:\/\/eldiariodesanpedro.com.ar\/sitio\/wp-json\/wp\/v2\/media?parent=33311"}],"wp:term":[{"taxonomy":"category","embeddable":true,"href":"https:\/\/eldiariodesanpedro.com.ar\/sitio\/wp-json\/wp\/v2\/categories?post=33311"},{"taxonomy":"post_tag","embeddable":true,"href":"https:\/\/eldiariodesanpedro.com.ar\/sitio\/wp-json\/wp\/v2\/tags?post=33311"}],"curies":[{"name":"wp","href":"https:\/\/api.w.org\/{rel}","templated":true}]}}