{"id":33257,"date":"2018-05-15T19:54:31","date_gmt":"2018-05-15T22:54:31","guid":{"rendered":"https:\/\/eldiariodesanpedro.com.ar\/sitio\/?p=33257"},"modified":"2026-01-24T00:13:35","modified_gmt":"2026-01-24T03:13:35","slug":"futbol-infantil-finalmente-pudo-jugarse-parcialmente-el-torneo-apertura","status":"publish","type":"post","link":"https:\/\/eldiariodesanpedro.com.ar\/sitio\/futbol-infantil-finalmente-pudo-jugarse-parcialmente-el-torneo-apertura\/","title":{"rendered":"F\u00daTBOL INFANTIL: Finalmente pudo jugarse parcialmente el torneo Apertura"},"content":{"rendered":"<p><!-- VideographyWP Plugin Message: Automatic video embedding prevented by plugin options. --><br \/>\n  Este domingo se jugaron m\u00e1s cotejos de la 7\u00b0 fecha y la misma finalizar\u00e1 entre mi\u00e9rcoles y jueves cuando jueguen entre s\u00ed San Roque-El Tanque y Rivadavia-Alsina.<\/p>\n<p><strong>Resultados<\/strong><\/p>\n<p>Fundici\u00f3n &#8211; Los Andes<br \/>\n2011: 4 a 0<br \/>\n2010: 0 a 0<br \/>\n2009: 1 a 1<br \/>\n2008: 2 a 1<br \/>\n2007: 2 a 3<br \/>\n2006: 3 a 1<\/p>\n<p>Villa Igoillo &#8211; Atl\u00e9tico<br \/>\n2011: 1-2<br \/>\n2010: 2-6<br \/>\n2009: 3-0<br \/>\n2008: 4-1<br \/>\n2007: 2-1<br \/>\n2006: 4-3<\/p>\n<p>Central C\u00f3rdoba &#8211; El Porvenir<br \/>\n2011: 0-4<br \/>\n2009: 1-1<br \/>\n2008: 0-1<br \/>\n2007: 1-3<br \/>\n2006: 0-4<\/p>\n<p>Pescadores &#8211; Castro FC<br \/>\n2011: 5-3<br \/>\n2009: 0-7<br \/>\n2008: 1-0<br \/>\n2007: 1-4<br \/>\n2006: 2-2<\/p>\n<p>Agricultores vs Mitre<br \/>\n2011: 0 &#8211; 3<br \/>\n2010: 1 &#8211; 2<br \/>\n2009: 1 &#8211; 2<br \/>\n2008: 0 &#8211; 0<br \/>\n2007: 1 &#8211; 4<br \/>\n2006: 0 &#8211; 4  <\/p>\n<p>Independencia vs Paran\u00e1 FC<br \/>\n2011: 1 &#8211; 4<br \/>\n2010: 0 &#8211; 3<br \/>\n2009: 0 &#8211; 2<br \/>\n2008: 0 &#8211; 2<br \/>\n2007: 1 &#8211; 3<br \/>\n2006: 1 &#8211; 3  <\/p>\n<p>Costa Azul vs Sportivo<br \/>\n2011: No present\u00f3 C. Azul<br \/>\n2010: 0 &#8211; 4<br \/>\n2008: 0 &#8211; 5<br \/>\n2007: 0 &#8211; 5<br \/>\n2006: 1 &#8211; 5  <\/p>\n<p>Am\u00e9rica vs. Independiente<br \/>\n2011: 1 &#8211; 1<br \/>\n2010: 1 &#8211; 0<br \/>\n2009: 5 &#8211; 0<br \/>\n2008: 7 &#8211; 0<br \/>\n2007: 2 &#8211; 1<br \/>\n2006: 3 &#8211; 1<\/p>\n<p>Defensores Unidos vs. General San Mart\u00edn<br \/>\n2011: 2 &#8211; 5<br \/>\n2010: 0 &#8211; 5<br \/>\n2009: 1 &#8211; 4<br \/>\n2008: 2 &#8211; 5<br \/>\n2007: 1 &#8211; 2<br \/>\n2006: 1 &#8211; 1<\/p>\n","protected":false},"excerpt":{"rendered":"<p>Este domingo se jugaron m\u00e1s cotejos de la 7\u00b0 fecha y la misma finalizar\u00e1 entre mi\u00e9rcoles y jueves cuando jueguen entre s\u00ed San Roque-El Tanque y Rivadavia-Alsina. Resultados Fundici\u00f3n &#8211; Los Andes 2011: 4 a 0 2010: 0 a 0 2009: 1 a 1 2008: 2 a 1 2007: 2 a 3 2006: 3 a [&hellip;]<\/p>\n","protected":false},"author":4,"featured_media":22793,"comment_status":"open","ping_status":"closed","sticky":false,"template":"","format":"standard","meta":{"om_disable_all_campaigns":false,"_jetpack_memberships_contains_paid_content":false,"footnotes":""},"categories":[5],"tags":[],"class_list":["post-33257","post","type-post","status-publish","format-standard","has-post-thumbnail","hentry","category-deportes"],"aioseo_notices":[],"gutentor_comment":0,"jetpack_featured_media_url":"https:\/\/eldiariodesanpedro.com.ar\/sitio\/wp-content\/uploads\/2017\/09\/futbol-infantil-3.jpg","jetpack_shortlink":"https:\/\/wp.me\/p6RhLt-8Ep","jetpack_sharing_enabled":true,"_links":{"self":[{"href":"https:\/\/eldiariodesanpedro.com.ar\/sitio\/wp-json\/wp\/v2\/posts\/33257","targetHints":{"allow":["GET"]}}],"collection":[{"href":"https:\/\/eldiariodesanpedro.com.ar\/sitio\/wp-json\/wp\/v2\/posts"}],"about":[{"href":"https:\/\/eldiariodesanpedro.com.ar\/sitio\/wp-json\/wp\/v2\/types\/post"}],"author":[{"embeddable":true,"href":"https:\/\/eldiariodesanpedro.com.ar\/sitio\/wp-json\/wp\/v2\/users\/4"}],"replies":[{"embeddable":true,"href":"https:\/\/eldiariodesanpedro.com.ar\/sitio\/wp-json\/wp\/v2\/comments?post=33257"}],"version-history":[{"count":1,"href":"https:\/\/eldiariodesanpedro.com.ar\/sitio\/wp-json\/wp\/v2\/posts\/33257\/revisions"}],"predecessor-version":[{"id":33258,"href":"https:\/\/eldiariodesanpedro.com.ar\/sitio\/wp-json\/wp\/v2\/posts\/33257\/revisions\/33258"}],"wp:featuredmedia":[{"embeddable":true,"href":"https:\/\/eldiariodesanpedro.com.ar\/sitio\/wp-json\/wp\/v2\/media\/22793"}],"wp:attachment":[{"href":"https:\/\/eldiariodesanpedro.com.ar\/sitio\/wp-json\/wp\/v2\/media?parent=33257"}],"wp:term":[{"taxonomy":"category","embeddable":true,"href":"https:\/\/eldiariodesanpedro.com.ar\/sitio\/wp-json\/wp\/v2\/categories?post=33257"},{"taxonomy":"post_tag","embeddable":true,"href":"https:\/\/eldiariodesanpedro.com.ar\/sitio\/wp-json\/wp\/v2\/tags?post=33257"}],"curies":[{"name":"wp","href":"https:\/\/api.w.org\/{rel}","templated":true}]}}