{"id":33253,"date":"2018-05-15T19:52:34","date_gmt":"2018-05-15T22:52:34","guid":{"rendered":"https:\/\/eldiariodesanpedro.com.ar\/sitio\/?p=33253"},"modified":"2026-01-24T00:13:35","modified_gmt":"2026-01-24T03:13:35","slug":"karate-exitoso-campeonato-nacional-de-la-federacion-argentina-de-karate","status":"publish","type":"post","link":"https:\/\/eldiariodesanpedro.com.ar\/sitio\/karate-exitoso-campeonato-nacional-de-la-federacion-argentina-de-karate\/","title":{"rendered":"KARATE: Exitoso Campeonato Nacional de la Federaci\u00f3n Argentina de Karate"},"content":{"rendered":"<p><!-- VideographyWP Plugin Message: Automatic video embedding prevented by plugin options. --><br \/>\n  Con la participaci\u00f3n de delegaciones de diferentes puntos del pa\u00eds, el domingo, el gimnasio del Estadio Municipal fue el escenario del campeonato nacional de la Federaci\u00f3n Nacional de Karate (FNK).<\/p>\n<p>  Organizado por la Asociaci\u00f3n Sampedrina de Karate (ASK), el evento se desarroll\u00f3 con un \u00e9xito total y con numerosos t\u00edtulos de deportistas locales. En la apertura las autoridades de la Federaci\u00f3n y el Director de Deportes Profesor Luis Mar\u00eda Rodr\u00edguez le dieron la bienvenida a las delegaciones que compartieron una interesante jornada. <\/p>\n<p><strong>H\u00e9ctor Barcala, responsable organizativo, expres\u00f3:<\/strong><br \/>\n<em>  \u00abAgradecemos a todos los atletas y sus familiares por la presencia en el Campeonato Apertura FNK llevado a cabo el domingo 13 de mayo de 2018.<br \/>\n  Como siempre reconocer el esfuerzo de todos los padres para hacer que sus hijos puedan participar, en especial las familias que viajan desde muy lejos con todo el sacrificio que eso implica, mil gracias.<br \/>\n  A los atletas, a todos ellos gracias y felicitaciones, porque sin su presencia no seria posible un evento de estas caracter\u00edsticas.<br \/>\n  Agradecemos a maestros (Sensei) \u00c1rbitros, Coach. Autoridades de la Federaci\u00f3n, Autoridades Municipales, Cef San Pedro. Aprovechamos para hacer menci\u00f3n y destacar la colaboraci\u00f3n de los alumnos, padres y madres de alumnos de la Asociaci\u00f3n Sampedrina de Karate, realmente son incondicionales, no hay palabras para agradecerles&#8230; \u00a1\u00a1Mil gracias!!<br \/>\n  Siempre habr\u00e1 cosas que tendremos que corregir para mejorar, sabemos que tenemos falencias, prometemos que para el pr\u00f3ximo evento haremos lo posible por corregirlas.<br \/>\n  Los esperamos en el 2\u00ba Campeonato Sudamericano De Karate Hayashi-ha Shito Ryu Kai. San Pedro, Argentina, los d\u00edas 27, 28 de octubre de 2018\u00bb<\/em><\/p>\n","protected":false},"excerpt":{"rendered":"<p>Con la participaci\u00f3n de delegaciones de diferentes puntos del pa\u00eds, el domingo, el gimnasio del Estadio Municipal fue el escenario del campeonato nacional de la Federaci\u00f3n Nacional de Karate (FNK). Organizado por la Asociaci\u00f3n Sampedrina de Karate (ASK), el evento se desarroll\u00f3 con un \u00e9xito total y con numerosos t\u00edtulos de deportistas locales. En la [&hellip;]<\/p>\n","protected":false},"author":4,"featured_media":33255,"comment_status":"open","ping_status":"closed","sticky":false,"template":"","format":"standard","meta":{"om_disable_all_campaigns":false,"_jetpack_memberships_contains_paid_content":false,"footnotes":""},"categories":[5],"tags":[],"class_list":["post-33253","post","type-post","status-publish","format-standard","has-post-thumbnail","hentry","category-deportes"],"aioseo_notices":[],"gutentor_comment":0,"jetpack_featured_media_url":"https:\/\/eldiariodesanpedro.com.ar\/sitio\/wp-content\/uploads\/2018\/05\/Karate-Interesantes-combates.-Ahora-se-viene-el-Sudamericano-.jpg","jetpack_shortlink":"https:\/\/wp.me\/p6RhLt-8El","jetpack_sharing_enabled":true,"_links":{"self":[{"href":"https:\/\/eldiariodesanpedro.com.ar\/sitio\/wp-json\/wp\/v2\/posts\/33253","targetHints":{"allow":["GET"]}}],"collection":[{"href":"https:\/\/eldiariodesanpedro.com.ar\/sitio\/wp-json\/wp\/v2\/posts"}],"about":[{"href":"https:\/\/eldiariodesanpedro.com.ar\/sitio\/wp-json\/wp\/v2\/types\/post"}],"author":[{"embeddable":true,"href":"https:\/\/eldiariodesanpedro.com.ar\/sitio\/wp-json\/wp\/v2\/users\/4"}],"replies":[{"embeddable":true,"href":"https:\/\/eldiariodesanpedro.com.ar\/sitio\/wp-json\/wp\/v2\/comments?post=33253"}],"version-history":[{"count":1,"href":"https:\/\/eldiariodesanpedro.com.ar\/sitio\/wp-json\/wp\/v2\/posts\/33253\/revisions"}],"predecessor-version":[{"id":33256,"href":"https:\/\/eldiariodesanpedro.com.ar\/sitio\/wp-json\/wp\/v2\/posts\/33253\/revisions\/33256"}],"wp:featuredmedia":[{"embeddable":true,"href":"https:\/\/eldiariodesanpedro.com.ar\/sitio\/wp-json\/wp\/v2\/media\/33255"}],"wp:attachment":[{"href":"https:\/\/eldiariodesanpedro.com.ar\/sitio\/wp-json\/wp\/v2\/media?parent=33253"}],"wp:term":[{"taxonomy":"category","embeddable":true,"href":"https:\/\/eldiariodesanpedro.com.ar\/sitio\/wp-json\/wp\/v2\/categories?post=33253"},{"taxonomy":"post_tag","embeddable":true,"href":"https:\/\/eldiariodesanpedro.com.ar\/sitio\/wp-json\/wp\/v2\/tags?post=33253"}],"curies":[{"name":"wp","href":"https:\/\/api.w.org\/{rel}","templated":true}]}}