{"id":33250,"date":"2018-05-15T19:50:15","date_gmt":"2018-05-15T22:50:15","guid":{"rendered":"https:\/\/eldiariodesanpedro.com.ar\/sitio\/?p=33250"},"modified":"2026-01-24T00:13:35","modified_gmt":"2026-01-24T03:13:35","slug":"futbol-local-manana-portela-con-america-y-el-resto-el-fin-de-semana","status":"publish","type":"post","link":"https:\/\/eldiariodesanpedro.com.ar\/sitio\/futbol-local-manana-portela-con-america-y-el-resto-el-fin-de-semana\/","title":{"rendered":"F\u00daTBOL LOCAL: Ma\u00f1ana Portela con Am\u00e9rica y el resto el fin de semana"},"content":{"rendered":"<p><!-- VideographyWP Plugin Message: Automatic video embedding prevented by plugin options. --><br \/>\n  La Liga Deportiva Sampedrina realiz\u00f3 este lunes la sesi\u00f3n semanal, donde quedaron establecidos los d\u00edas de juego para los cotejos que restan jugar de la fecha 5 (s\u00f3lo lo hicieron el s\u00e1bado Paran\u00e1-Mitre). Todo depender\u00e1 del clima y el estado de las canchas, ya que la cantidad de mil\u00edmetros de lluvia ca\u00eddos superaron todo lo previsto. <\/p>\n<p>  Los cotejos son: el s\u00e1bado San Roque -. Dep. Alsina, mientras que el domingo lo har\u00e1n Agricultores-Sportivo, Banfield-I. Portela, Am\u00e9rica-Fundici\u00f3n, Las Palmeras-Atl\u00e9tico, Independencia-Rivadavia y San Mart\u00edn-CADU. Todos los partidos con horario de comienzo para quinta a las 10:00 hs., en primera a las 15:45 hs., entre medio juegan las dem\u00e1s divisiones, cuarta (11:15 hs.), tercera (12:30 hs.) y sub 21 (14:00 hs.).<\/p>\n<p>  El cotejo pendiente entre I. Portela y Sp. Am\u00e9rica se juega este jueves con sub 21 y Primera en cancha de Atl\u00e9tico. En principio era para el martes 15 pero la cancha se encontraba muy mojada, por ello el cambio de d\u00eda.  Es el \u00fanico pendiente de la fecha 4 y suspendido por lluvia en tres ocasiones, jugando a las 19:30 hs. sub 21 y 21.15 hs. Primera divisi\u00f3n, postergando los cotejos de inferiores para la semana pr\u00f3xima.<\/p>\n","protected":false},"excerpt":{"rendered":"<p>La Liga Deportiva Sampedrina realiz\u00f3 este lunes la sesi\u00f3n semanal, donde quedaron establecidos los d\u00edas de juego para los cotejos que restan jugar de la fecha 5 (s\u00f3lo lo hicieron el s\u00e1bado Paran\u00e1-Mitre). Todo depender\u00e1 del clima y el estado de las canchas, ya que la cantidad de mil\u00edmetros de lluvia ca\u00eddos superaron todo lo [&hellip;]<\/p>\n","protected":false},"author":4,"featured_media":20147,"comment_status":"open","ping_status":"closed","sticky":false,"template":"","format":"standard","meta":{"om_disable_all_campaigns":false,"_jetpack_memberships_contains_paid_content":false,"footnotes":""},"categories":[5],"tags":[],"class_list":["post-33250","post","type-post","status-publish","format-standard","has-post-thumbnail","hentry","category-deportes"],"aioseo_notices":[],"gutentor_comment":0,"jetpack_featured_media_url":"https:\/\/eldiariodesanpedro.com.ar\/sitio\/wp-content\/uploads\/2017\/06\/futbol-gol.jpg","jetpack_shortlink":"https:\/\/wp.me\/p6RhLt-8Ei","jetpack_sharing_enabled":true,"_links":{"self":[{"href":"https:\/\/eldiariodesanpedro.com.ar\/sitio\/wp-json\/wp\/v2\/posts\/33250","targetHints":{"allow":["GET"]}}],"collection":[{"href":"https:\/\/eldiariodesanpedro.com.ar\/sitio\/wp-json\/wp\/v2\/posts"}],"about":[{"href":"https:\/\/eldiariodesanpedro.com.ar\/sitio\/wp-json\/wp\/v2\/types\/post"}],"author":[{"embeddable":true,"href":"https:\/\/eldiariodesanpedro.com.ar\/sitio\/wp-json\/wp\/v2\/users\/4"}],"replies":[{"embeddable":true,"href":"https:\/\/eldiariodesanpedro.com.ar\/sitio\/wp-json\/wp\/v2\/comments?post=33250"}],"version-history":[{"count":1,"href":"https:\/\/eldiariodesanpedro.com.ar\/sitio\/wp-json\/wp\/v2\/posts\/33250\/revisions"}],"predecessor-version":[{"id":33252,"href":"https:\/\/eldiariodesanpedro.com.ar\/sitio\/wp-json\/wp\/v2\/posts\/33250\/revisions\/33252"}],"wp:featuredmedia":[{"embeddable":true,"href":"https:\/\/eldiariodesanpedro.com.ar\/sitio\/wp-json\/wp\/v2\/media\/20147"}],"wp:attachment":[{"href":"https:\/\/eldiariodesanpedro.com.ar\/sitio\/wp-json\/wp\/v2\/media?parent=33250"}],"wp:term":[{"taxonomy":"category","embeddable":true,"href":"https:\/\/eldiariodesanpedro.com.ar\/sitio\/wp-json\/wp\/v2\/categories?post=33250"},{"taxonomy":"post_tag","embeddable":true,"href":"https:\/\/eldiariodesanpedro.com.ar\/sitio\/wp-json\/wp\/v2\/tags?post=33250"}],"curies":[{"name":"wp","href":"https:\/\/api.w.org\/{rel}","templated":true}]}}