{"id":33246,"date":"2018-05-15T19:17:03","date_gmt":"2018-05-15T22:17:03","guid":{"rendered":"https:\/\/eldiariodesanpedro.com.ar\/sitio\/?p=33246"},"modified":"2018-05-15T19:17:03","modified_gmt":"2018-05-15T22:17:03","slug":"coopser-emitio-un-comunicado-a-la-comunidad-de-san-pedro-luego-de-lo-sucedido","status":"publish","type":"post","link":"https:\/\/eldiariodesanpedro.com.ar\/sitio\/coopser-emitio-un-comunicado-a-la-comunidad-de-san-pedro-luego-de-lo-sucedido\/","title":{"rendered":"COOPSER emiti\u00f3 un comunicado a la comunidad de San Pedro luego de lo sucedido"},"content":{"rendered":"<p><!-- VideographyWP Plugin Message: Automatic video embedding prevented by plugin options. --><br \/>\nAnte los episodios de dominio p\u00fablico y que han trascendido como noticia a nivel nacional, COOPSER, la Cooperativa de Servicios El\u00e9ctricos de San Pedro, desea expresar la honda preocupaci\u00f3n que todo esto ha generado, especialmente en el personal que cumpliendo con sus tareas cotidianas, puso en riesgo su vida.<\/p>\n<p>Adem\u00e1s, y aunque no es habitual divulgar casos concretos sobre la situaci\u00f3n particular de un socio, se desea brindar a la comunidad informaci\u00f3n precisa sobre los antecedentes que provocaron la reacci\u00f3n de la socia que embisti\u00f3 con su veh\u00edculo el edificio social. <\/p>\n<p>* El suministro por el que reclamaba registraba deudas de $ 1399.94 con vencimiento el 12 de Marzo y $ 786.65 con vencimiento el 10 de abril.<\/p>\n<p>* A pesar de tener disponibles las herramientas para el pedido de pr\u00f3rroga o la alternativa de exponer su situaci\u00f3n en las oficinas para elaborar un plan de pago, la socia en cuesti\u00f3n, no recurri\u00f3 a ninguna de estas opciones.<\/p>\n<p>* Tras la emisi\u00f3n del Aviso de Corte, que anticipa este tipo de acci\u00f3n, tampoco se present\u00f3 en las oficinas antes de la fecha l\u00edmite.<\/p>\n<p>* En el d\u00eda de hoy, 15 de Mayo, a las 7.30, se procedi\u00f3 a realizar el corte de suministro, y a las 8.20 se acerc\u00f3 a las oficinas de Mitre 1200 en donde profiri\u00f3 todo tipo de amenazas, incluso de muerte, al personal que la recibi\u00f3.<\/p>\n<p>* Minutos despu\u00e9s de manera premeditada impact\u00f3 con su veh\u00edculo sobre el edificio y milagrosamente el personal m\u00e1s cercano a la puerta puedo moverse y evitar heridas.<\/p>\n<p>* En el transcurso de la ma\u00f1ana se present\u00f3 otra persona que abon\u00f3 las dos facturas correspondientes y se inici\u00f3 el proceso para el reestablecimiento del servicio, mientras la Polic\u00eda y la Justicia intervienen dentro de sus facultades en el caso.<\/p>\n<p>El Consejo de Administraci\u00f3n de COOPSER agradece al personal que con esfuerzo logr\u00f3 habilitar en pocas horas la atenci\u00f3n al p\u00fablico por un acceso transitorio mientras se cumplen los pasos para reparar los da\u00f1os.<br \/>\nUna vez m\u00e1s se ponen a disposici\u00f3n de los socios todos los mecanismos para analizar las facturas o establecer planes de financiaci\u00f3n que eviten llegar a situaciones l\u00edmite.<br \/>\nLamentamos la delicada situaci\u00f3n que se atraviesa en la que tambi\u00e9n nos vemos afectados, y les pedimos disculpas a todos los que hayan sido perjudicados por esta indeseada situaci\u00f3n.<\/p>\n","protected":false},"excerpt":{"rendered":"<p>Ante los episodios de dominio p\u00fablico y que han trascendido como noticia a nivel nacional, COOPSER, la Cooperativa de Servicios El\u00e9ctricos de San Pedro, desea expresar la honda preocupaci\u00f3n que todo esto ha generado, especialmente en el personal que cumpliendo con sus tareas cotidianas, puso en riesgo su vida. Adem\u00e1s, y aunque no es habitual [&hellip;]<\/p>\n","protected":false},"author":4,"featured_media":6360,"comment_status":"open","ping_status":"closed","sticky":false,"template":"","format":"standard","meta":{"om_disable_all_campaigns":false,"_jetpack_memberships_contains_paid_content":false,"footnotes":""},"categories":[101,2],"tags":[],"class_list":["post-33246","post","type-post","status-publish","format-standard","has-post-thumbnail","hentry","category-interes-general-locales","category-locales"],"aioseo_notices":[],"gutentor_comment":0,"jetpack_featured_media_url":"https:\/\/eldiariodesanpedro.com.ar\/sitio\/wp-content\/uploads\/2016\/07\/coopser.jpg","jetpack_shortlink":"https:\/\/wp.me\/p6RhLt-8Ee","jetpack_sharing_enabled":true,"_links":{"self":[{"href":"https:\/\/eldiariodesanpedro.com.ar\/sitio\/wp-json\/wp\/v2\/posts\/33246","targetHints":{"allow":["GET"]}}],"collection":[{"href":"https:\/\/eldiariodesanpedro.com.ar\/sitio\/wp-json\/wp\/v2\/posts"}],"about":[{"href":"https:\/\/eldiariodesanpedro.com.ar\/sitio\/wp-json\/wp\/v2\/types\/post"}],"author":[{"embeddable":true,"href":"https:\/\/eldiariodesanpedro.com.ar\/sitio\/wp-json\/wp\/v2\/users\/4"}],"replies":[{"embeddable":true,"href":"https:\/\/eldiariodesanpedro.com.ar\/sitio\/wp-json\/wp\/v2\/comments?post=33246"}],"version-history":[{"count":1,"href":"https:\/\/eldiariodesanpedro.com.ar\/sitio\/wp-json\/wp\/v2\/posts\/33246\/revisions"}],"predecessor-version":[{"id":33247,"href":"https:\/\/eldiariodesanpedro.com.ar\/sitio\/wp-json\/wp\/v2\/posts\/33246\/revisions\/33247"}],"wp:featuredmedia":[{"embeddable":true,"href":"https:\/\/eldiariodesanpedro.com.ar\/sitio\/wp-json\/wp\/v2\/media\/6360"}],"wp:attachment":[{"href":"https:\/\/eldiariodesanpedro.com.ar\/sitio\/wp-json\/wp\/v2\/media?parent=33246"}],"wp:term":[{"taxonomy":"category","embeddable":true,"href":"https:\/\/eldiariodesanpedro.com.ar\/sitio\/wp-json\/wp\/v2\/categories?post=33246"},{"taxonomy":"post_tag","embeddable":true,"href":"https:\/\/eldiariodesanpedro.com.ar\/sitio\/wp-json\/wp\/v2\/tags?post=33246"}],"curies":[{"name":"wp","href":"https:\/\/api.w.org\/{rel}","templated":true}]}}