{"id":33178,"date":"2018-05-14T20:55:47","date_gmt":"2018-05-14T23:55:47","guid":{"rendered":"https:\/\/eldiariodesanpedro.com.ar\/sitio\/?p=33178"},"modified":"2026-01-24T00:13:35","modified_gmt":"2026-01-24T03:13:35","slug":"rugby-cayo-tiro-ante-el-retiro-con-primera-e-intermedia","status":"publish","type":"post","link":"https:\/\/eldiariodesanpedro.com.ar\/sitio\/rugby-cayo-tiro-ante-el-retiro-con-primera-e-intermedia\/","title":{"rendered":"RUGBY: Cay\u00f3 Tiro ante El Retiro con primera e intermedia"},"content":{"rendered":"<p><!-- VideographyWP Plugin Message: Automatic video embedding prevented by plugin options. --><br \/>\n  Fue ante El Retiro por la quinta fecha de la segunda divisi\u00f3n de la Uni\u00f3n de Rugby de Buenos Aires (URBA). El local se impuso 31-20 y fue la segunda derrota seguida del \u00abBigua\u00bb, con la posibilidad de reivindicarse como visitante el s\u00e1bado venidero, aunque el rival, Areco Rugby, es el escolta de At. y Progreso. <\/p>\n<p><strong>Otros resultados <\/strong><br \/>\nAtl\u00e9tico y Progreso 35-Areco Rugby 14, Arsenal Z\u00e1rate 26-San Miguel 22, La Salle 36-Club Argentino 29, Vicente L\u00f3pez 38- Ol Georgian 38, Tigre 27-Varela Jrs. 30, Las Ca\u00f1as 55-Bco. Hipotecario 7.<\/p>\n<p><strong>Posiciones <\/strong><br \/>\nAtl. y Progreso 22, Areco Rugby 19, El Retiro 18, Ol Goergian, Las Ca\u00f1as y 16, Varela 14, Tiro Federal 11, Tigre 10, La Salle y San Miguel 7, Arsenal 4, V. L\u00f3pez 2 y Bco. Hipotecario 0. <\/p>\n<p><strong>Pr\u00f3xima fecha<\/strong><br \/>\nTigre-B. Hipotecario, Varela J.-Vicente L\u00f3pez, Ol Goergian-La Salle, C. Argentino-Arsenal Z\u00e1rate, San Miguel-At. y Progreso, Las Ca\u00f1as-El retiro y Areco Rugby-Tiro Federal. <\/p>\n<p>En intermedia gan\u00f3 El Retiro 36-17, partido jugado en la previa de la divisi\u00f3n mayor. <\/p>\n<p><strong>Inferiores<\/strong><br \/>\nTiro Federal jug\u00f3 en \u00abLas Barrancas\u00bb este domingo por la quinta fecha de URBA.<br \/>\nFue derrota en M15 ante Saint Brendans y la M16 obtuvo un contundente triunfo ante el mismo rival, la M17 empat\u00f3 ante Ciudad de Campana.<\/p>\n","protected":false},"excerpt":{"rendered":"<p>Fue ante El Retiro por la quinta fecha de la segunda divisi\u00f3n de la Uni\u00f3n de Rugby de Buenos Aires (URBA). El local se impuso 31-20 y fue la segunda derrota seguida del \u00abBigua\u00bb, con la posibilidad de reivindicarse como visitante el s\u00e1bado venidero, aunque el rival, Areco Rugby, es el escolta de At. y [&hellip;]<\/p>\n","protected":false},"author":4,"featured_media":21896,"comment_status":"open","ping_status":"closed","sticky":false,"template":"","format":"standard","meta":{"om_disable_all_campaigns":false,"_jetpack_memberships_contains_paid_content":false,"footnotes":""},"categories":[5],"tags":[],"class_list":["post-33178","post","type-post","status-publish","format-standard","has-post-thumbnail","hentry","category-deportes"],"aioseo_notices":[],"gutentor_comment":0,"jetpack_featured_media_url":"https:\/\/eldiariodesanpedro.com.ar\/sitio\/wp-content\/uploads\/2017\/08\/cancha-rugby.jpg","jetpack_shortlink":"https:\/\/wp.me\/p6RhLt-8D8","jetpack_sharing_enabled":true,"_links":{"self":[{"href":"https:\/\/eldiariodesanpedro.com.ar\/sitio\/wp-json\/wp\/v2\/posts\/33178","targetHints":{"allow":["GET"]}}],"collection":[{"href":"https:\/\/eldiariodesanpedro.com.ar\/sitio\/wp-json\/wp\/v2\/posts"}],"about":[{"href":"https:\/\/eldiariodesanpedro.com.ar\/sitio\/wp-json\/wp\/v2\/types\/post"}],"author":[{"embeddable":true,"href":"https:\/\/eldiariodesanpedro.com.ar\/sitio\/wp-json\/wp\/v2\/users\/4"}],"replies":[{"embeddable":true,"href":"https:\/\/eldiariodesanpedro.com.ar\/sitio\/wp-json\/wp\/v2\/comments?post=33178"}],"version-history":[{"count":2,"href":"https:\/\/eldiariodesanpedro.com.ar\/sitio\/wp-json\/wp\/v2\/posts\/33178\/revisions"}],"predecessor-version":[{"id":33182,"href":"https:\/\/eldiariodesanpedro.com.ar\/sitio\/wp-json\/wp\/v2\/posts\/33178\/revisions\/33182"}],"wp:featuredmedia":[{"embeddable":true,"href":"https:\/\/eldiariodesanpedro.com.ar\/sitio\/wp-json\/wp\/v2\/media\/21896"}],"wp:attachment":[{"href":"https:\/\/eldiariodesanpedro.com.ar\/sitio\/wp-json\/wp\/v2\/media?parent=33178"}],"wp:term":[{"taxonomy":"category","embeddable":true,"href":"https:\/\/eldiariodesanpedro.com.ar\/sitio\/wp-json\/wp\/v2\/categories?post=33178"},{"taxonomy":"post_tag","embeddable":true,"href":"https:\/\/eldiariodesanpedro.com.ar\/sitio\/wp-json\/wp\/v2\/tags?post=33178"}],"curies":[{"name":"wp","href":"https:\/\/api.w.org\/{rel}","templated":true}]}}