{"id":33176,"date":"2018-05-14T20:54:56","date_gmt":"2018-05-14T23:54:56","guid":{"rendered":"https:\/\/eldiariodesanpedro.com.ar\/sitio\/?p=33176"},"modified":"2026-01-24T00:13:35","modified_gmt":"2026-01-24T03:13:35","slug":"natacion-giles-y-adrover-lograron-ubicarse-en-el-podio-entre-los-federados","status":"publish","type":"post","link":"https:\/\/eldiariodesanpedro.com.ar\/sitio\/natacion-giles-y-adrover-lograron-ubicarse-en-el-podio-entre-los-federados\/","title":{"rendered":"NATACI\u00d3N: Giles y Adrover lograron ubicarse en el podio entre los Federados"},"content":{"rendered":"<p><!-- VideographyWP Plugin Message: Automatic video embedding prevented by plugin options. --><br \/>\nAmpliamos la informaci\u00f3n que en la edici\u00f3n de lunes adelantamos la calificaci\u00f3n lograda por los deportistas del Club Pescadores y hoy lo hacemos con sus \u2018vecinos\u2019. Otra buena actuaci\u00f3n del plantel de N\u00e1utico en la cuarta jornada del campeonato apertura de invierno de FANNBA.<\/p>\n<p>Se destacaron Bruno Giles Penino y Pedro Adrover, 2\u00b0 y 3\u00b0 en los 200 metros pecho en sus categor\u00edas. Tambi\u00e9n la posta 4 x 50 medley (Nazareno Molina, Ana Yeri, Catalina Silicani y Antonio \u00c1lvarez) que obtuvieron el 3\u00b0 puesto en la categor\u00eda menor.<\/p>\n<p>  Tambi\u00e9n participaron con muy buenos desempe\u00f1o Martina Dalix Riera, Melina Arias u Valentina Franco. Acompa\u00f1aron y colaboraron Milena Franzoia y Denisse Arias.<\/p>\n<p>  En esta jornada los chicos corrieron los 400 libres, 200 pecho, los 100 mariposa, relevo 4 x100 libres mujeres y 4 x 50 medley mixta.<\/p>\n<p>  La pr\u00f3xima semana la quinta y \u00faltima fecha del campeonato apertura se lleva a cabo en el club N\u00e1utico san Pedro. <\/p>\n","protected":false},"excerpt":{"rendered":"<p>Ampliamos la informaci\u00f3n que en la edici\u00f3n de lunes adelantamos la calificaci\u00f3n lograda por los deportistas del Club Pescadores y hoy lo hacemos con sus \u2018vecinos\u2019. Otra buena actuaci\u00f3n del plantel de N\u00e1utico en la cuarta jornada del campeonato apertura de invierno de FANNBA. Se destacaron Bruno Giles Penino y Pedro Adrover, 2\u00b0 y 3\u00b0 [&hellip;]<\/p>\n","protected":false},"author":4,"featured_media":33177,"comment_status":"open","ping_status":"closed","sticky":false,"template":"","format":"standard","meta":{"om_disable_all_campaigns":false,"_jetpack_memberships_contains_paid_content":false,"footnotes":""},"categories":[5],"tags":[],"class_list":["post-33176","post","type-post","status-publish","format-standard","has-post-thumbnail","hentry","category-deportes"],"aioseo_notices":[],"gutentor_comment":0,"jetpack_featured_media_url":"https:\/\/eldiariodesanpedro.com.ar\/sitio\/wp-content\/uploads\/2018\/05\/Nadadores-del-club-N\u00e1utico.jpg","jetpack_shortlink":"https:\/\/wp.me\/p6RhLt-8D6","jetpack_sharing_enabled":true,"_links":{"self":[{"href":"https:\/\/eldiariodesanpedro.com.ar\/sitio\/wp-json\/wp\/v2\/posts\/33176","targetHints":{"allow":["GET"]}}],"collection":[{"href":"https:\/\/eldiariodesanpedro.com.ar\/sitio\/wp-json\/wp\/v2\/posts"}],"about":[{"href":"https:\/\/eldiariodesanpedro.com.ar\/sitio\/wp-json\/wp\/v2\/types\/post"}],"author":[{"embeddable":true,"href":"https:\/\/eldiariodesanpedro.com.ar\/sitio\/wp-json\/wp\/v2\/users\/4"}],"replies":[{"embeddable":true,"href":"https:\/\/eldiariodesanpedro.com.ar\/sitio\/wp-json\/wp\/v2\/comments?post=33176"}],"version-history":[{"count":2,"href":"https:\/\/eldiariodesanpedro.com.ar\/sitio\/wp-json\/wp\/v2\/posts\/33176\/revisions"}],"predecessor-version":[{"id":33180,"href":"https:\/\/eldiariodesanpedro.com.ar\/sitio\/wp-json\/wp\/v2\/posts\/33176\/revisions\/33180"}],"wp:featuredmedia":[{"embeddable":true,"href":"https:\/\/eldiariodesanpedro.com.ar\/sitio\/wp-json\/wp\/v2\/media\/33177"}],"wp:attachment":[{"href":"https:\/\/eldiariodesanpedro.com.ar\/sitio\/wp-json\/wp\/v2\/media?parent=33176"}],"wp:term":[{"taxonomy":"category","embeddable":true,"href":"https:\/\/eldiariodesanpedro.com.ar\/sitio\/wp-json\/wp\/v2\/categories?post=33176"},{"taxonomy":"post_tag","embeddable":true,"href":"https:\/\/eldiariodesanpedro.com.ar\/sitio\/wp-json\/wp\/v2\/tags?post=33176"}],"curies":[{"name":"wp","href":"https:\/\/api.w.org\/{rel}","templated":true}]}}