{"id":33170,"date":"2018-05-14T20:46:07","date_gmt":"2018-05-14T23:46:07","guid":{"rendered":"https:\/\/eldiariodesanpedro.com.ar\/sitio\/?p=33170"},"modified":"2026-01-24T00:13:36","modified_gmt":"2026-01-24T03:13:36","slug":"los-murcielagos-recta-final-de-la-preparacion-previa-al-mundial","status":"publish","type":"post","link":"https:\/\/eldiariodesanpedro.com.ar\/sitio\/los-murcielagos-recta-final-de-la-preparacion-previa-al-mundial\/","title":{"rendered":"LOS MURCI\u00c9LAGOS: Recta final de la preparaci\u00f3n previa al mundial"},"content":{"rendered":"<p><!-- VideographyWP Plugin Message: Automatic video embedding prevented by plugin options. --><br \/>\n  La Selecci\u00f3n Argentina de f\u00fatbol para ciegos se concentr\u00f3 en el CeNARD (Centro Nacional de Alto Rendimiento Deportivo) cuando restan 27 d\u00edas para su debut en el Mundial de Espa\u00f1a. El equipo conducido por Mart\u00edn Demonte ingres\u00f3 en la recta final y el pr\u00f3ximo s\u00e1bado dar\u00e1 a conocer la lista de 10 jugadores que disputar\u00e1n la Copa del Mundo.<\/p>\n<p>  Argentina, que integra el Grupo B, jugar\u00e1 su primer encuentro contra Ir\u00e1n el viernes 8 de junio. Luego, el s\u00e1bado 9 se enfrentar\u00e1 a Colombia y cerrar\u00e1 su participaci\u00f3n en la primera ronda el lunes 11 frente a Francia.<\/p>\n<p>El cuerpo t\u00e9cnico integrado por los entrenadores nacionales Mart\u00edn Demonte, Claudio Falco y Germ\u00e1n Marquez convoc\u00f3 a Dar\u00edo Lencina y Guido Consoni (Estudiantes de La Plata), Germ\u00e1n Muleck (Rosell de San Isidro), Agust\u00edn Rojas (River Plate) y Marcos Zalazar (Uniredes de Mendoza), arqueros; Silvio Velo (Boca Juniors), Froil\u00e1n Padilla, Maximiliano Espinillo y Federico Accardi (Uniredes de Mendoza), \u00c1ngel Deldo (ACHADEC de Chaco), David Peralta (Estudiantes de La Plata), Lucas Rodr\u00edguez, Nicol\u00e1s V\u00e9liz, Daniel Iturria, Nahuel Heredia y Nahuel L\u00f3pez (Municipalidad de C\u00f3rdoba), Iv\u00e1n Figueroa (UCASE de Santiago del Estero), Marcelo Panizza y Vicente Zuccala (River Plate), Brian Pereyra (Hurac\u00e1n), Mat\u00edas Olivera (Rosell de San Isidro) y el juvenil Ignacio Oviedo (Estudiantes de La Plata), citado por primera vez.<\/p>\n","protected":false},"excerpt":{"rendered":"<p>La Selecci\u00f3n Argentina de f\u00fatbol para ciegos se concentr\u00f3 en el CeNARD (Centro Nacional de Alto Rendimiento Deportivo) cuando restan 27 d\u00edas para su debut en el Mundial de Espa\u00f1a. El equipo conducido por Mart\u00edn Demonte ingres\u00f3 en la recta final y el pr\u00f3ximo s\u00e1bado dar\u00e1 a conocer la lista de 10 jugadores que disputar\u00e1n [&hellip;]<\/p>\n","protected":false},"author":4,"featured_media":26655,"comment_status":"open","ping_status":"closed","sticky":false,"template":"","format":"standard","meta":{"om_disable_all_campaigns":false,"_jetpack_memberships_contains_paid_content":false,"footnotes":""},"categories":[5],"tags":[],"class_list":["post-33170","post","type-post","status-publish","format-standard","has-post-thumbnail","hentry","category-deportes"],"aioseo_notices":[],"gutentor_comment":0,"jetpack_featured_media_url":"https:\/\/eldiariodesanpedro.com.ar\/sitio\/wp-content\/uploads\/2017\/12\/Los-Murci\u00e9lagos-siguen-haciendo-historia.jpg","jetpack_shortlink":"https:\/\/wp.me\/p6RhLt-8D0","jetpack_sharing_enabled":true,"_links":{"self":[{"href":"https:\/\/eldiariodesanpedro.com.ar\/sitio\/wp-json\/wp\/v2\/posts\/33170","targetHints":{"allow":["GET"]}}],"collection":[{"href":"https:\/\/eldiariodesanpedro.com.ar\/sitio\/wp-json\/wp\/v2\/posts"}],"about":[{"href":"https:\/\/eldiariodesanpedro.com.ar\/sitio\/wp-json\/wp\/v2\/types\/post"}],"author":[{"embeddable":true,"href":"https:\/\/eldiariodesanpedro.com.ar\/sitio\/wp-json\/wp\/v2\/users\/4"}],"replies":[{"embeddable":true,"href":"https:\/\/eldiariodesanpedro.com.ar\/sitio\/wp-json\/wp\/v2\/comments?post=33170"}],"version-history":[{"count":2,"href":"https:\/\/eldiariodesanpedro.com.ar\/sitio\/wp-json\/wp\/v2\/posts\/33170\/revisions"}],"predecessor-version":[{"id":33174,"href":"https:\/\/eldiariodesanpedro.com.ar\/sitio\/wp-json\/wp\/v2\/posts\/33170\/revisions\/33174"}],"wp:featuredmedia":[{"embeddable":true,"href":"https:\/\/eldiariodesanpedro.com.ar\/sitio\/wp-json\/wp\/v2\/media\/26655"}],"wp:attachment":[{"href":"https:\/\/eldiariodesanpedro.com.ar\/sitio\/wp-json\/wp\/v2\/media?parent=33170"}],"wp:term":[{"taxonomy":"category","embeddable":true,"href":"https:\/\/eldiariodesanpedro.com.ar\/sitio\/wp-json\/wp\/v2\/categories?post=33170"},{"taxonomy":"post_tag","embeddable":true,"href":"https:\/\/eldiariodesanpedro.com.ar\/sitio\/wp-json\/wp\/v2\/tags?post=33170"}],"curies":[{"name":"wp","href":"https:\/\/api.w.org\/{rel}","templated":true}]}}