{"id":33168,"date":"2018-05-14T20:46:08","date_gmt":"2018-05-14T23:46:08","guid":{"rendered":"https:\/\/eldiariodesanpedro.com.ar\/sitio\/?p=33168"},"modified":"2026-01-24T00:13:35","modified_gmt":"2026-01-24T03:13:35","slug":"futbol-local-nuevamente-se-postergo-la-quinta-fecha","status":"publish","type":"post","link":"https:\/\/eldiariodesanpedro.com.ar\/sitio\/futbol-local-nuevamente-se-postergo-la-quinta-fecha\/","title":{"rendered":"F\u00daTBOL LOCAL: Nuevamente se posterg\u00f3 la quinta fecha"},"content":{"rendered":"<p><!-- VideographyWP Plugin Message: Automatic video embedding prevented by plugin options. --><br \/>\nOtra suspensi\u00f3n y van\u2026, la lluvia, protagonista absoluta del balompi\u00e9 en los \u00faltimos 21 d\u00edas y con la cantidad de agua ca\u00edda, por m\u00e1s que brillara el sol el domingo, la medida tomada en la noche del viernes por los directivos liguistas, encabezados por Andr\u00e9s S\u00e1nchez, Carlos Jaime, Juan Di Napoli, Diego Mastaglio y Jos\u00e9 Gorosito (el Presidente Hugo Cejas se recupera de una intervenci\u00f3n quir\u00fargica programada) fue la correcta, m\u00e1s teniendo en cuenta que son cinco los partidos a jugar por escenario. <\/p>\n<p>  Anoche al cierre de esta edici\u00f3n se reprogramaba la jornada que no sufrir\u00e1 modificaciones a lo ya informado. <\/p>\n","protected":false},"excerpt":{"rendered":"<p>Otra suspensi\u00f3n y van\u2026, la lluvia, protagonista absoluta del balompi\u00e9 en los \u00faltimos 21 d\u00edas y con la cantidad de agua ca\u00edda, por m\u00e1s que brillara el sol el domingo, la medida tomada en la noche del viernes por los directivos liguistas, encabezados por Andr\u00e9s S\u00e1nchez, Carlos Jaime, Juan Di Napoli, Diego Mastaglio y Jos\u00e9 [&hellip;]<\/p>\n","protected":false},"author":4,"featured_media":12943,"comment_status":"open","ping_status":"closed","sticky":false,"template":"","format":"standard","meta":{"om_disable_all_campaigns":false,"_jetpack_memberships_contains_paid_content":false,"footnotes":""},"categories":[5],"tags":[],"class_list":["post-33168","post","type-post","status-publish","format-standard","has-post-thumbnail","hentry","category-deportes"],"aioseo_notices":[],"gutentor_comment":0,"jetpack_featured_media_url":"https:\/\/eldiariodesanpedro.com.ar\/sitio\/wp-content\/uploads\/2017\/01\/futbol.jpg","jetpack_shortlink":"https:\/\/wp.me\/p6RhLt-8CY","jetpack_sharing_enabled":true,"_links":{"self":[{"href":"https:\/\/eldiariodesanpedro.com.ar\/sitio\/wp-json\/wp\/v2\/posts\/33168","targetHints":{"allow":["GET"]}}],"collection":[{"href":"https:\/\/eldiariodesanpedro.com.ar\/sitio\/wp-json\/wp\/v2\/posts"}],"about":[{"href":"https:\/\/eldiariodesanpedro.com.ar\/sitio\/wp-json\/wp\/v2\/types\/post"}],"author":[{"embeddable":true,"href":"https:\/\/eldiariodesanpedro.com.ar\/sitio\/wp-json\/wp\/v2\/users\/4"}],"replies":[{"embeddable":true,"href":"https:\/\/eldiariodesanpedro.com.ar\/sitio\/wp-json\/wp\/v2\/comments?post=33168"}],"version-history":[{"count":2,"href":"https:\/\/eldiariodesanpedro.com.ar\/sitio\/wp-json\/wp\/v2\/posts\/33168\/revisions"}],"predecessor-version":[{"id":33175,"href":"https:\/\/eldiariodesanpedro.com.ar\/sitio\/wp-json\/wp\/v2\/posts\/33168\/revisions\/33175"}],"wp:featuredmedia":[{"embeddable":true,"href":"https:\/\/eldiariodesanpedro.com.ar\/sitio\/wp-json\/wp\/v2\/media\/12943"}],"wp:attachment":[{"href":"https:\/\/eldiariodesanpedro.com.ar\/sitio\/wp-json\/wp\/v2\/media?parent=33168"}],"wp:term":[{"taxonomy":"category","embeddable":true,"href":"https:\/\/eldiariodesanpedro.com.ar\/sitio\/wp-json\/wp\/v2\/categories?post=33168"},{"taxonomy":"post_tag","embeddable":true,"href":"https:\/\/eldiariodesanpedro.com.ar\/sitio\/wp-json\/wp\/v2\/tags?post=33168"}],"curies":[{"name":"wp","href":"https:\/\/api.w.org\/{rel}","templated":true}]}}