{"id":33099,"date":"2018-05-13T21:20:23","date_gmt":"2018-05-14T00:20:23","guid":{"rendered":"https:\/\/eldiariodesanpedro.com.ar\/sitio\/?p=33099"},"modified":"2026-01-24T00:13:36","modified_gmt":"2026-01-24T03:13:36","slug":"patin-artistico-dos-primeros-puestos-en-la-primera-fecha-de-caba","status":"publish","type":"post","link":"https:\/\/eldiariodesanpedro.com.ar\/sitio\/patin-artistico-dos-primeros-puestos-en-la-primera-fecha-de-caba\/","title":{"rendered":"PAT\u00cdN ART\u00cdSTICO: Dos primeros puestos en la primera fecha de CABA"},"content":{"rendered":"<p><!-- VideographyWP Plugin Message: Automatic video embedding prevented by plugin options. --><br \/>\n  Este s\u00e1bado las representantes de Pat\u00edn Art\u00edstico de Pescadores participaron de la primera fecha del Torneo Anual de C.A.B.A. (Clubes asociados de Buenos Aires) en las instalaciones de CIPA (en Avellaneda, logrando una vez m\u00e1s sobresalir las deportistas con su coreograf\u00eda y vestuario, como siempre junto a su entrenadora Eliana Gonz\u00e1lez.<br \/>\n  Con gran esfuerzo, perseverancia y profesionalismo, d\u00eda a d\u00eda logran superarse, siendo seguramente solo el comienzo de todos los logros a corto plazo llegar\u00e1n. <\/p>\n<p>Abril Medina Casco, 1er puesto en 3\u00b0B 15 a\u00f1os<br \/>\nNayarit P\u00e9rez, 1er puesto en 3\u00b0B juvenil<br \/>\nM\u00eda Pereyra, 1er puesto en 4ta C 10 y 11 a\u00f1os<br \/>\nRenata Bernardi, 2do puesto en 4ta C 10 y 11 a\u00f1os<\/p>\n<p>Tambi\u00e9n particip\u00f3 en la modalidad incentivo y prepar\u00e1ndose para sumarse al plantel de competencia Martina M\u00e1rsico Sbert de tan s\u00f3lo 6 a\u00f1os.<\/p>\n","protected":false},"excerpt":{"rendered":"<p>Este s\u00e1bado las representantes de Pat\u00edn Art\u00edstico de Pescadores participaron de la primera fecha del Torneo Anual de C.A.B.A. (Clubes asociados de Buenos Aires) en las instalaciones de CIPA (en Avellaneda, logrando una vez m\u00e1s sobresalir las deportistas con su coreograf\u00eda y vestuario, como siempre junto a su entrenadora Eliana Gonz\u00e1lez. Con gran esfuerzo, perseverancia [&hellip;]<\/p>\n","protected":false},"author":4,"featured_media":33108,"comment_status":"open","ping_status":"closed","sticky":false,"template":"","format":"standard","meta":{"om_disable_all_campaigns":false,"_jetpack_memberships_contains_paid_content":false,"footnotes":""},"categories":[5],"tags":[],"class_list":["post-33099","post","type-post","status-publish","format-standard","has-post-thumbnail","hentry","category-deportes"],"aioseo_notices":[],"gutentor_comment":0,"jetpack_featured_media_url":"https:\/\/eldiariodesanpedro.com.ar\/sitio\/wp-content\/uploads\/2018\/05\/Deportistas-del-club-Pescadores-que-se-preparan-para-el-Nacional-de-San-Juan.jpg","jetpack_shortlink":"https:\/\/wp.me\/p6RhLt-8BR","jetpack_sharing_enabled":true,"_links":{"self":[{"href":"https:\/\/eldiariodesanpedro.com.ar\/sitio\/wp-json\/wp\/v2\/posts\/33099","targetHints":{"allow":["GET"]}}],"collection":[{"href":"https:\/\/eldiariodesanpedro.com.ar\/sitio\/wp-json\/wp\/v2\/posts"}],"about":[{"href":"https:\/\/eldiariodesanpedro.com.ar\/sitio\/wp-json\/wp\/v2\/types\/post"}],"author":[{"embeddable":true,"href":"https:\/\/eldiariodesanpedro.com.ar\/sitio\/wp-json\/wp\/v2\/users\/4"}],"replies":[{"embeddable":true,"href":"https:\/\/eldiariodesanpedro.com.ar\/sitio\/wp-json\/wp\/v2\/comments?post=33099"}],"version-history":[{"count":1,"href":"https:\/\/eldiariodesanpedro.com.ar\/sitio\/wp-json\/wp\/v2\/posts\/33099\/revisions"}],"predecessor-version":[{"id":33109,"href":"https:\/\/eldiariodesanpedro.com.ar\/sitio\/wp-json\/wp\/v2\/posts\/33099\/revisions\/33109"}],"wp:featuredmedia":[{"embeddable":true,"href":"https:\/\/eldiariodesanpedro.com.ar\/sitio\/wp-json\/wp\/v2\/media\/33108"}],"wp:attachment":[{"href":"https:\/\/eldiariodesanpedro.com.ar\/sitio\/wp-json\/wp\/v2\/media?parent=33099"}],"wp:term":[{"taxonomy":"category","embeddable":true,"href":"https:\/\/eldiariodesanpedro.com.ar\/sitio\/wp-json\/wp\/v2\/categories?post=33099"},{"taxonomy":"post_tag","embeddable":true,"href":"https:\/\/eldiariodesanpedro.com.ar\/sitio\/wp-json\/wp\/v2\/tags?post=33099"}],"curies":[{"name":"wp","href":"https:\/\/api.w.org\/{rel}","templated":true}]}}