{"id":33098,"date":"2018-05-13T21:18:51","date_gmt":"2018-05-14T00:18:51","guid":{"rendered":"https:\/\/eldiariodesanpedro.com.ar\/sitio\/?p=33098"},"modified":"2026-01-24T00:13:36","modified_gmt":"2026-01-24T03:13:36","slug":"natacion-postas-e-individuales-de-pescadores-destacados-en-san-fernando","status":"publish","type":"post","link":"https:\/\/eldiariodesanpedro.com.ar\/sitio\/natacion-postas-e-individuales-de-pescadores-destacados-en-san-fernando\/","title":{"rendered":"NATACI\u00d3N: Postas e individuales de Pescadores destacados en San Fernando"},"content":{"rendered":"<p><!-- VideographyWP Plugin Message: Automatic video embedding prevented by plugin options. --><br \/>\nLos Federados muy temprano partieron a San Fernando para la ante\u00faltima fecha del torneo apertura de FANNBA (Federaci\u00f3n de Nataci\u00f3n del Norte de Buenos Aires) junto al profesor Sebasti\u00e1n Est\u00e9vez, cosechando una vez m\u00e1s buenos resultados y mejoras de tiempos. M\u00e1s de 20 clubes fueron parte de la jornada en el club del \u201cdelta\u201d.<\/p>\n<p><strong>Resultados<\/strong><br \/>\nLara Aguilar, 100 mts mariposa\/400 mts combinados 3\u00b0<br \/>\nBerenice Cisneros, 19\u00b0 400 mts libre\/2\u00b0 200 mts combinados<br \/>\nManuela Epelde, 8\u00b0 400 mts libre\/5\u00b0 100 mts mariposa\/2\u00b0 200 mts combinados<br \/>\nAbril Guti\u00e9rrez, 3\u00b0 200 mts pecho\/3\u00b0 400 mts libre relevos<br \/>\nZuahir L\u00f3pez, 9\u00b0 400 mts libres\/ 2\u00b0 200 mts combinados.<br \/>\nJuli\u00e1n Mariani, 2\u00b0 100 mts mariposa\/2\u00b0 200 mts combinados<br \/>\nEstefan\u00eda Mart\u00ednez, 6\u00b0 200 mts pecho\/2\u00b0 200 mts combinados<br \/>\nValentina Noto, 2\u00b0 400 mts libre\/2\u00b0 200 combinados<br \/>\nMarco Paladini, 4\u00b0 200 mts pecho\/7\u00b0 100mts mariposa\/2\u00b0 relevos<br \/>\nCandela Raviola, 9\u00b0 400 mts libre\/2\u00b0 100 mts mariposa\/3\u00b0 400 mts relevos<br \/>\nMaximiliano Rosello, 4\u00b0 400 mts libres\/ 2\u00b0100 mariposa\/2\u00b0 relevos<br \/>\nSofia Zavaleta, 5\u00b0 200 pecho\/4\u00b0 Mariposa\/2\u00b0 relevos<\/p>\n<p><strong>Postas<\/strong><br \/>\n3\u00b0 mujeres, 400 mts relevos 10-13 a\u00f1os: Aguilar, Cisneros, Guti\u00e9rrez y Raviola.<br \/>\n2\u00b0 mixto, 200 combinados 10-13 a\u00f1os: Paladini, Zavaleta, mariani y Epelde.<br \/>\n2 \u00b0 mixto, combinado relevos 10-13 a\u00f1os: Noto, Mart\u00ednez, Rosell\u00f3 y L\u00f3pez. <\/p>\n<p><strong>Promocionales<\/strong><br \/>\n  La actividad para nataci\u00f3n Pescadores tuvo un d\u00eda muy intenso, el s\u00e1bado junto a sus diferentes entrenadores y profesores a cargo de la exitosa actividad, tres delegaciones viajaron en diferentes horarios, Escuela a Ramallo por la ma\u00f1ana, Federados tambi\u00e9n en horario matutino a San Fernando y a ese mismo club los promocionales.<\/p>\n<p>  Junto a la profesora Daniela Villa, los deportistas lograron ubicarse de la siguiente manera en el clasificador final:<\/p>\n<p>Agostina Albano, 13\u00b0 en 50mts pecho y 3\u00b0 posta 200 mts.<br \/>\nTom\u00e1s Amartino Arp\u00eda, 3\u00b0 en 50 mariposa y 7\u00b0 posta 200 mts.<br \/>\nGast\u00f3n Antelo, 1\u00b0 en 50 mts mariposa y 4\u00b0 posta 200 mts.<br \/>\nSof\u00eda Caferri Gonz\u00e1lez, 9\u00b0 50 mariposa y 7\u00b0 posta 200 mts.<br \/>\nKiara Mariani, 6\u00b0 en 50 mts mariposa y 4\u00b0 posta 200 mts.<br \/>\nCandela Mart\u00ednez, 4\u00b0 50 mts mariposa y 4\u00b0 posta 200 mts.<br \/>\nSantino Mastroiani, 2\u00b0 50 mts mariposa y 3\u00b0 posta 200 mts.<br \/>\nRenata Mi\u00f1o, 4\u00b0 100 mts libre y 4\u00b0 posta 200 mts.<br \/>\nJuan Paladini, 8\u00b0 50 mts pecho, 3\u00b0 posta 200 mts libre y 7\u00b0 200 mts posta pecho.<br \/>\nBenjam\u00edn Rasio, 5\u00b0 espalda y 3\u00b0 200 mts posta libre.<br \/>\nJulieta Roquel, 2\u00b0 en 50 mts pecho y 4\u00b0 posta 200 mts.<\/p>\n<p><strong>Postas<\/strong><br \/>\n3\u00b0 200 mts libre relevos 9-11 a\u00f1os: Rasio, Mastroiani, Albano y Paladini.<br \/>\n4\u00b0 200 mts pecho relevo 10-13 a\u00f1os: Antelo, mariano, Mart\u00ednez y Roquel.<br \/>\n7\u00b0 200 mts pecho relevos 10-13 a\u00f1os: Amartino, Mi\u00f1o, Caferri y Paladini.<\/p>\n","protected":false},"excerpt":{"rendered":"<p>Los Federados muy temprano partieron a San Fernando para la ante\u00faltima fecha del torneo apertura de FANNBA (Federaci\u00f3n de Nataci\u00f3n del Norte de Buenos Aires) junto al profesor Sebasti\u00e1n Est\u00e9vez, cosechando una vez m\u00e1s buenos resultados y mejoras de tiempos. M\u00e1s de 20 clubes fueron parte de la jornada en el club del \u201cdelta\u201d. Resultados [&hellip;]<\/p>\n","protected":false},"author":4,"featured_media":33103,"comment_status":"open","ping_status":"closed","sticky":false,"template":"","format":"standard","meta":{"om_disable_all_campaigns":false,"_jetpack_memberships_contains_paid_content":false,"footnotes":""},"categories":[5],"tags":[],"class_list":["post-33098","post","type-post","status-publish","format-standard","has-post-thumbnail","hentry","category-deportes"],"aioseo_notices":[],"gutentor_comment":0,"jetpack_featured_media_url":"https:\/\/eldiariodesanpedro.com.ar\/sitio\/wp-content\/uploads\/2018\/05\/Federados-de-Pescadores-en-San-Fernando.jpg","jetpack_shortlink":"https:\/\/wp.me\/p6RhLt-8BQ","jetpack_sharing_enabled":true,"_links":{"self":[{"href":"https:\/\/eldiariodesanpedro.com.ar\/sitio\/wp-json\/wp\/v2\/posts\/33098","targetHints":{"allow":["GET"]}}],"collection":[{"href":"https:\/\/eldiariodesanpedro.com.ar\/sitio\/wp-json\/wp\/v2\/posts"}],"about":[{"href":"https:\/\/eldiariodesanpedro.com.ar\/sitio\/wp-json\/wp\/v2\/types\/post"}],"author":[{"embeddable":true,"href":"https:\/\/eldiariodesanpedro.com.ar\/sitio\/wp-json\/wp\/v2\/users\/4"}],"replies":[{"embeddable":true,"href":"https:\/\/eldiariodesanpedro.com.ar\/sitio\/wp-json\/wp\/v2\/comments?post=33098"}],"version-history":[{"count":1,"href":"https:\/\/eldiariodesanpedro.com.ar\/sitio\/wp-json\/wp\/v2\/posts\/33098\/revisions"}],"predecessor-version":[{"id":33107,"href":"https:\/\/eldiariodesanpedro.com.ar\/sitio\/wp-json\/wp\/v2\/posts\/33098\/revisions\/33107"}],"wp:featuredmedia":[{"embeddable":true,"href":"https:\/\/eldiariodesanpedro.com.ar\/sitio\/wp-json\/wp\/v2\/media\/33103"}],"wp:attachment":[{"href":"https:\/\/eldiariodesanpedro.com.ar\/sitio\/wp-json\/wp\/v2\/media?parent=33098"}],"wp:term":[{"taxonomy":"category","embeddable":true,"href":"https:\/\/eldiariodesanpedro.com.ar\/sitio\/wp-json\/wp\/v2\/categories?post=33098"},{"taxonomy":"post_tag","embeddable":true,"href":"https:\/\/eldiariodesanpedro.com.ar\/sitio\/wp-json\/wp\/v2\/tags?post=33098"}],"curies":[{"name":"wp","href":"https:\/\/api.w.org\/{rel}","templated":true}]}}