{"id":33097,"date":"2018-05-13T21:18:49","date_gmt":"2018-05-14T00:18:49","guid":{"rendered":"https:\/\/eldiariodesanpedro.com.ar\/sitio\/?p=33097"},"modified":"2026-01-24T00:13:36","modified_gmt":"2026-01-24T03:13:36","slug":"boxeo-el-boxeo-vivio-una-gran-noche-de-aficionados-en-banfield","status":"publish","type":"post","link":"https:\/\/eldiariodesanpedro.com.ar\/sitio\/boxeo-el-boxeo-vivio-una-gran-noche-de-aficionados-en-banfield\/","title":{"rendered":"BOXEO: El boxeo vivi\u00f3 una gran noche de aficionados en Banfield"},"content":{"rendered":"<p><!-- VideographyWP Plugin Message: Automatic video embedding prevented by plugin options. --><br \/>\n  Una interesante cartelera de peleas amateur en las instalaciones del Club Banfield se llev\u00f3 a cabo este viernes entre p\u00fagiles locales y de la zona ante un gimnasio colmado de un p\u00fablico entusiasta que acompa\u00f1\u00f3 las 13 peleas y una exhibici\u00f3n (Leo Gauna-Tob\u00edas \u00c1lvarez).<\/p>\n<p>   Gimnasios locales y de la zona fueron parte de este festival que muestra al boxeo como uno de los deportes que m\u00e1s seguidores tiene si se realiza con seriedad y respeto para p\u00fablico y boxeadores. Hay muchos chicos j\u00f3venes que comienzan en la actividad y seguro habr\u00e1 que esperar su crecimiento deportivo. Estos programas entre aficionados les dar\u00e1 el rodaje que tienen que tener en una actividad que es dif\u00edcil y muy competitiva. <\/p>\n<p>  En la velada hubo varias peleas que seguro merecen revancha por la paridad demostrada en el ring y donde se definieron en fallo dividido.<\/p>\n<p><strong>Resultados<\/strong><br \/>\nAbigail Ju\u00e1rez (Villa Constituci\u00f3n) Empate Karen Salom\u00f3n (Gym Valhalla box).<br \/>\nTom\u00e1s Be (Gym Valhalla box) GP a Facundo Mart\u00edn (Banfield).<br \/>\nUriel Ferreira (Club Talense de R\u00edo Tala) GP a Agust\u00edn Oggier (Gym Pato Box).<br \/>\nNahuel Gauna (Villa Consituci\u00f3n) GP a Ezequiel Ojeda (Gym Bushido)<br \/>\nTob\u00edas Calveras (Banfield) GP a Franco Ferreyra (La Emilia).<br \/>\nBraian Bonici (Villa Constituci\u00f3n) GKO3 a Diego Cislo (Gym Pato Box).<br \/>\nBel\u00e9n Pedraza (Gym Valhalla box) GKO3 a Fiama Jara (La Emilia).<br \/>\nGonzalo Panelo (Banfield) GP a Lautaro Bueno (Gym Bushido).<br \/>\nLaureano Uviedo (Banfield) GP a Mat\u00edas Tesey (Gym Bushido).<br \/>\nKevin Castelusi (Baradero) GP a Agust\u00edn Basaga (La Emilia).<br \/>\nDiego Longueira (Gym Valhalla box) GAB2 a Agust\u00edn Cao (Vargas box).<br \/>\nNicol\u00e1s Gracia (Gym Valhalla box) GO a Carlos Ver\u00f3n (La Emilia).<br \/>\nEmiliano Borda (Banfield) GP a Jonathan Garay (Gym Pato box).<\/p>\n<p>  Actuaron correctamente como jurados Leandro Ojeda y Beto Comeza\u00f1a, siendo jurados Sergio Gilli, Isidro Gauna, Fabi\u00e1n Caba\u00f1a y Diego L\u00f3pez.<\/p>\n","protected":false},"excerpt":{"rendered":"<p>Una interesante cartelera de peleas amateur en las instalaciones del Club Banfield se llev\u00f3 a cabo este viernes entre p\u00fagiles locales y de la zona ante un gimnasio colmado de un p\u00fablico entusiasta que acompa\u00f1\u00f3 las 13 peleas y una exhibici\u00f3n (Leo Gauna-Tob\u00edas \u00c1lvarez). Gimnasios locales y de la zona fueron parte de este festival [&hellip;]<\/p>\n","protected":false},"author":4,"featured_media":33101,"comment_status":"open","ping_status":"closed","sticky":false,"template":"","format":"standard","meta":{"om_disable_all_campaigns":false,"_jetpack_memberships_contains_paid_content":false,"footnotes":""},"categories":[5],"tags":[],"class_list":["post-33097","post","type-post","status-publish","format-standard","has-post-thumbnail","hentry","category-deportes"],"aioseo_notices":[],"gutentor_comment":0,"jetpack_featured_media_url":"https:\/\/eldiariodesanpedro.com.ar\/sitio\/wp-content\/uploads\/2018\/05\/Muy-buen-festival-en-Banfield-con-gimnasio-completo.jpg","jetpack_shortlink":"https:\/\/wp.me\/p6RhLt-8BP","jetpack_sharing_enabled":true,"_links":{"self":[{"href":"https:\/\/eldiariodesanpedro.com.ar\/sitio\/wp-json\/wp\/v2\/posts\/33097","targetHints":{"allow":["GET"]}}],"collection":[{"href":"https:\/\/eldiariodesanpedro.com.ar\/sitio\/wp-json\/wp\/v2\/posts"}],"about":[{"href":"https:\/\/eldiariodesanpedro.com.ar\/sitio\/wp-json\/wp\/v2\/types\/post"}],"author":[{"embeddable":true,"href":"https:\/\/eldiariodesanpedro.com.ar\/sitio\/wp-json\/wp\/v2\/users\/4"}],"replies":[{"embeddable":true,"href":"https:\/\/eldiariodesanpedro.com.ar\/sitio\/wp-json\/wp\/v2\/comments?post=33097"}],"version-history":[{"count":1,"href":"https:\/\/eldiariodesanpedro.com.ar\/sitio\/wp-json\/wp\/v2\/posts\/33097\/revisions"}],"predecessor-version":[{"id":33106,"href":"https:\/\/eldiariodesanpedro.com.ar\/sitio\/wp-json\/wp\/v2\/posts\/33097\/revisions\/33106"}],"wp:featuredmedia":[{"embeddable":true,"href":"https:\/\/eldiariodesanpedro.com.ar\/sitio\/wp-json\/wp\/v2\/media\/33101"}],"wp:attachment":[{"href":"https:\/\/eldiariodesanpedro.com.ar\/sitio\/wp-json\/wp\/v2\/media?parent=33097"}],"wp:term":[{"taxonomy":"category","embeddable":true,"href":"https:\/\/eldiariodesanpedro.com.ar\/sitio\/wp-json\/wp\/v2\/categories?post=33097"},{"taxonomy":"post_tag","embeddable":true,"href":"https:\/\/eldiariodesanpedro.com.ar\/sitio\/wp-json\/wp\/v2\/tags?post=33097"}],"curies":[{"name":"wp","href":"https:\/\/api.w.org\/{rel}","templated":true}]}}