{"id":3307,"date":"2016-04-16T17:23:39","date_gmt":"2016-04-16T20:23:39","guid":{"rendered":"https:\/\/eldiariodesanpedro.com.ar\/sitio\/?p=3307"},"modified":"2016-04-16T17:23:39","modified_gmt":"2016-04-16T20:23:39","slug":"allanamiento-y-detencion-durante-la-madrugada","status":"publish","type":"post","link":"https:\/\/eldiariodesanpedro.com.ar\/sitio\/allanamiento-y-detencion-durante-la-madrugada\/","title":{"rendered":"Allanamiento y detenci\u00f3n durante la madrugada"},"content":{"rendered":"<p><!-- VideographyWP Plugin Message: Automatic video embedding prevented by plugin options. --><br \/>\nEn la madrugada de hoy, al rededor de las  05:00 hs. comenzaron una serie de 4 \u00a0allanamientos en la zona de bajo Cementerio \u2013 Bajo puerto, donde en uno de ellos, en el poste nro. 12 zona de barrancas de bajo puerto se \u00a0procedi\u00f3 a la detenci\u00f3n de masculino de 34 a\u00f1os de edad, el cual tenia pedido de detenci\u00f3n por hecho de robo calificado con intervenci\u00f3n de la UFI Nro. 5 San Pedro. El mismo permanece alojado en esta dependencia.-<\/p>\n","protected":false},"excerpt":{"rendered":"<p>En la madrugada de hoy, al rededor de las 05:00 hs. comenzaron una serie de 4 \u00a0allanamientos en la zona de bajo Cementerio \u2013 Bajo puerto, donde en uno de ellos, en el poste nro. 12 zona de barrancas de bajo puerto se \u00a0procedi\u00f3 a la detenci\u00f3n de masculino de 34 a\u00f1os de edad, el [&hellip;]<\/p>\n","protected":false},"author":4,"featured_media":1892,"comment_status":"open","ping_status":"closed","sticky":false,"template":"","format":"standard","meta":{"om_disable_all_campaigns":false,"_jetpack_memberships_contains_paid_content":false,"footnotes":""},"categories":[2,103],"tags":[122,581,580,578,579,19],"class_list":["post-3307","post","type-post","status-publish","format-standard","has-post-thumbnail","hentry","category-locales","category-policiales-locales","tag-allanamiento","tag-bajo-cementerio","tag-bajo-puerto","tag-detencion","tag-madrugada","tag-san-pedro"],"aioseo_notices":[],"gutentor_comment":0,"jetpack_featured_media_url":"https:\/\/eldiariodesanpedro.com.ar\/sitio\/wp-content\/uploads\/2016\/01\/Detenido.jpg","jetpack_shortlink":"https:\/\/wp.me\/p6RhLt-Rl","jetpack_sharing_enabled":true,"_links":{"self":[{"href":"https:\/\/eldiariodesanpedro.com.ar\/sitio\/wp-json\/wp\/v2\/posts\/3307","targetHints":{"allow":["GET"]}}],"collection":[{"href":"https:\/\/eldiariodesanpedro.com.ar\/sitio\/wp-json\/wp\/v2\/posts"}],"about":[{"href":"https:\/\/eldiariodesanpedro.com.ar\/sitio\/wp-json\/wp\/v2\/types\/post"}],"author":[{"embeddable":true,"href":"https:\/\/eldiariodesanpedro.com.ar\/sitio\/wp-json\/wp\/v2\/users\/4"}],"replies":[{"embeddable":true,"href":"https:\/\/eldiariodesanpedro.com.ar\/sitio\/wp-json\/wp\/v2\/comments?post=3307"}],"version-history":[{"count":1,"href":"https:\/\/eldiariodesanpedro.com.ar\/sitio\/wp-json\/wp\/v2\/posts\/3307\/revisions"}],"predecessor-version":[{"id":3308,"href":"https:\/\/eldiariodesanpedro.com.ar\/sitio\/wp-json\/wp\/v2\/posts\/3307\/revisions\/3308"}],"wp:featuredmedia":[{"embeddable":true,"href":"https:\/\/eldiariodesanpedro.com.ar\/sitio\/wp-json\/wp\/v2\/media\/1892"}],"wp:attachment":[{"href":"https:\/\/eldiariodesanpedro.com.ar\/sitio\/wp-json\/wp\/v2\/media?parent=3307"}],"wp:term":[{"taxonomy":"category","embeddable":true,"href":"https:\/\/eldiariodesanpedro.com.ar\/sitio\/wp-json\/wp\/v2\/categories?post=3307"},{"taxonomy":"post_tag","embeddable":true,"href":"https:\/\/eldiariodesanpedro.com.ar\/sitio\/wp-json\/wp\/v2\/tags?post=3307"}],"curies":[{"name":"wp","href":"https:\/\/api.w.org\/{rel}","templated":true}]}}