{"id":33039,"date":"2018-05-11T21:23:00","date_gmt":"2018-05-12T00:23:00","guid":{"rendered":"https:\/\/eldiariodesanpedro.com.ar\/sitio\/?p=33039"},"modified":"2026-01-24T00:13:36","modified_gmt":"2026-01-24T03:13:36","slug":"rugby-tiro-visita-a-el-retiro-en-mayores-y-sera-local-en-inferiores","status":"publish","type":"post","link":"https:\/\/eldiariodesanpedro.com.ar\/sitio\/rugby-tiro-visita-a-el-retiro-en-mayores-y-sera-local-en-inferiores\/","title":{"rendered":"RUGBY Tiro visita a El Retiro en mayores y ser\u00e1 local en inferiores"},"content":{"rendered":"<p><!-- VideographyWP Plugin Message: Automatic video embedding prevented by plugin options. --><br \/>\n  Tiro Federal visitar\u00e1 hoy desde las 15.30 hs. por la quinta fecha del campeonato de segunda divisi\u00f3n de la Uni\u00f3n de Rugby de Buenos Aires (URBA) a El Retiro. El elenco de nuestra ciudad viene de caer como local y va en busca de la recuperaci\u00f3n. Suma 11 puntos y est\u00e1 sexto en el certamen que lidera Areco Rugby con 19 puntos. Adem\u00e1s, la M15 y M16 locales ante St. Brendans, la M17 tambi\u00e9n en \u201cLas Barrancas\u201d con Ciudad de Campana.<\/p>\n","protected":false},"excerpt":{"rendered":"<p>Tiro Federal visitar\u00e1 hoy desde las 15.30 hs. por la quinta fecha del campeonato de segunda divisi\u00f3n de la Uni\u00f3n de Rugby de Buenos Aires (URBA) a El Retiro. El elenco de nuestra ciudad viene de caer como local y va en busca de la recuperaci\u00f3n. Suma 11 puntos y est\u00e1 sexto en el certamen [&hellip;]<\/p>\n","protected":false},"author":4,"featured_media":0,"comment_status":"open","ping_status":"closed","sticky":false,"template":"","format":"standard","meta":{"om_disable_all_campaigns":false,"_jetpack_memberships_contains_paid_content":false,"footnotes":""},"categories":[5],"tags":[],"class_list":["post-33039","post","type-post","status-publish","format-standard","hentry","category-deportes"],"aioseo_notices":[],"gutentor_comment":0,"jetpack_featured_media_url":"","jetpack_shortlink":"https:\/\/wp.me\/p6RhLt-8AT","jetpack_sharing_enabled":true,"_links":{"self":[{"href":"https:\/\/eldiariodesanpedro.com.ar\/sitio\/wp-json\/wp\/v2\/posts\/33039","targetHints":{"allow":["GET"]}}],"collection":[{"href":"https:\/\/eldiariodesanpedro.com.ar\/sitio\/wp-json\/wp\/v2\/posts"}],"about":[{"href":"https:\/\/eldiariodesanpedro.com.ar\/sitio\/wp-json\/wp\/v2\/types\/post"}],"author":[{"embeddable":true,"href":"https:\/\/eldiariodesanpedro.com.ar\/sitio\/wp-json\/wp\/v2\/users\/4"}],"replies":[{"embeddable":true,"href":"https:\/\/eldiariodesanpedro.com.ar\/sitio\/wp-json\/wp\/v2\/comments?post=33039"}],"version-history":[{"count":2,"href":"https:\/\/eldiariodesanpedro.com.ar\/sitio\/wp-json\/wp\/v2\/posts\/33039\/revisions"}],"predecessor-version":[{"id":33044,"href":"https:\/\/eldiariodesanpedro.com.ar\/sitio\/wp-json\/wp\/v2\/posts\/33039\/revisions\/33044"}],"wp:attachment":[{"href":"https:\/\/eldiariodesanpedro.com.ar\/sitio\/wp-json\/wp\/v2\/media?parent=33039"}],"wp:term":[{"taxonomy":"category","embeddable":true,"href":"https:\/\/eldiariodesanpedro.com.ar\/sitio\/wp-json\/wp\/v2\/categories?post=33039"},{"taxonomy":"post_tag","embeddable":true,"href":"https:\/\/eldiariodesanpedro.com.ar\/sitio\/wp-json\/wp\/v2\/tags?post=33039"}],"curies":[{"name":"wp","href":"https:\/\/api.w.org\/{rel}","templated":true}]}}