{"id":33035,"date":"2018-05-11T21:14:54","date_gmt":"2018-05-12T00:14:54","guid":{"rendered":"https:\/\/eldiariodesanpedro.com.ar\/sitio\/?p=33035"},"modified":"2026-01-24T00:13:41","modified_gmt":"2026-01-24T03:13:41","slug":"basquet-nautico-con-primera-ante-nautico-zarate-y-mitre-juega-en-san-nicolas-con-regatas","status":"publish","type":"post","link":"https:\/\/eldiariodesanpedro.com.ar\/sitio\/basquet-nautico-con-primera-ante-nautico-zarate-y-mitre-juega-en-san-nicolas-con-regatas\/","title":{"rendered":"B\u00c1SQUET:   N\u00e1utico con primera ante N\u00e1utico Zarate y Mitre juega en San Nicol\u00e1s con Regatas"},"content":{"rendered":"<p><!-- VideographyWP Plugin Message: Automatic video embedding prevented by plugin options. --><br \/>\n  Ma\u00f1ana a las 20:30 hs. en su gimnasio, N\u00e1utico San Pedro recibe a su similar de Z\u00e1rate por la quinta fecha del torneo oficial ABZC.  La Zona B1 se disputa desde anoche al domingo: al cierre de esta edici\u00f3n jugaban Deportivo Arenal &#8211; Ingeniero Raver, el s\u00e1bado en Gral. Rodr\u00edguez Porte\u00f1o se enfrentar\u00e1 a Pe\u00f1arol y el domingo cerrar\u00e1n la fecha Derqui \u201cB\u201d ante Uni\u00f3n. <\/p>\n<p>  El martes recuperar\u00e1n en Pilar Pe\u00f1arol ante Deportivo Arenal, partidos suspendido la fecha pasada.<\/p>\n<p>  La Zona B2 comenzaba a disputarse el viernes en Lujan con el encuentro entre la UNLU ante Honor y Patria, el s\u00e1bado chocar\u00e1n los N\u00e1uticos en San Pedro y el encuentro entre Capilla Racing ante Independiente Escobar falta confirmar donde y cuando se disputar\u00e1.<\/p>\n<p>  Por la 8\u00b0 fecha del Torneo de Divisiones Inferiores, el Club Atl\u00e9tico Mitre visitar\u00e1 a Regatas \u00abB\u00bb de San Nicol\u00e1s. Jugar\u00e1 en U13, U15 y U17. El \u2018rojo\u2019 viene de obtener sus primeros puntos en el certamen luego de superar a Belgrano \u201cB\u201d y N\u00e1utico ante Independiente de Z\u00e1rate. <\/p>\n","protected":false},"excerpt":{"rendered":"<p>Ma\u00f1ana a las 20:30 hs. en su gimnasio, N\u00e1utico San Pedro recibe a su similar de Z\u00e1rate por la quinta fecha del torneo oficial ABZC. La Zona B1 se disputa desde anoche al domingo: al cierre de esta edici\u00f3n jugaban Deportivo Arenal &#8211; Ingeniero Raver, el s\u00e1bado en Gral. Rodr\u00edguez Porte\u00f1o se enfrentar\u00e1 a Pe\u00f1arol [&hellip;]<\/p>\n","protected":false},"author":4,"featured_media":6015,"comment_status":"open","ping_status":"closed","sticky":false,"template":"","format":"standard","meta":{"om_disable_all_campaigns":false,"_jetpack_memberships_contains_paid_content":false,"footnotes":""},"categories":[5],"tags":[],"class_list":["post-33035","post","type-post","status-publish","format-standard","has-post-thumbnail","hentry","category-deportes"],"aioseo_notices":[],"gutentor_comment":0,"jetpack_featured_media_url":"https:\/\/eldiariodesanpedro.com.ar\/sitio\/wp-content\/uploads\/2016\/07\/basquet-nautico.jpg","jetpack_shortlink":"https:\/\/wp.me\/p6RhLt-8AP","jetpack_sharing_enabled":true,"_links":{"self":[{"href":"https:\/\/eldiariodesanpedro.com.ar\/sitio\/wp-json\/wp\/v2\/posts\/33035","targetHints":{"allow":["GET"]}}],"collection":[{"href":"https:\/\/eldiariodesanpedro.com.ar\/sitio\/wp-json\/wp\/v2\/posts"}],"about":[{"href":"https:\/\/eldiariodesanpedro.com.ar\/sitio\/wp-json\/wp\/v2\/types\/post"}],"author":[{"embeddable":true,"href":"https:\/\/eldiariodesanpedro.com.ar\/sitio\/wp-json\/wp\/v2\/users\/4"}],"replies":[{"embeddable":true,"href":"https:\/\/eldiariodesanpedro.com.ar\/sitio\/wp-json\/wp\/v2\/comments?post=33035"}],"version-history":[{"count":1,"href":"https:\/\/eldiariodesanpedro.com.ar\/sitio\/wp-json\/wp\/v2\/posts\/33035\/revisions"}],"predecessor-version":[{"id":33037,"href":"https:\/\/eldiariodesanpedro.com.ar\/sitio\/wp-json\/wp\/v2\/posts\/33035\/revisions\/33037"}],"wp:featuredmedia":[{"embeddable":true,"href":"https:\/\/eldiariodesanpedro.com.ar\/sitio\/wp-json\/wp\/v2\/media\/6015"}],"wp:attachment":[{"href":"https:\/\/eldiariodesanpedro.com.ar\/sitio\/wp-json\/wp\/v2\/media?parent=33035"}],"wp:term":[{"taxonomy":"category","embeddable":true,"href":"https:\/\/eldiariodesanpedro.com.ar\/sitio\/wp-json\/wp\/v2\/categories?post=33035"},{"taxonomy":"post_tag","embeddable":true,"href":"https:\/\/eldiariodesanpedro.com.ar\/sitio\/wp-json\/wp\/v2\/tags?post=33035"}],"curies":[{"name":"wp","href":"https:\/\/api.w.org\/{rel}","templated":true}]}}