{"id":33025,"date":"2018-05-11T21:00:56","date_gmt":"2018-05-12T00:00:56","guid":{"rendered":"https:\/\/eldiariodesanpedro.com.ar\/sitio\/?p=33025"},"modified":"2018-05-11T21:00:56","modified_gmt":"2018-05-12T00:00:56","slug":"baradero-robaron-un-camion-haciendose-pasar-por-policias","status":"publish","type":"post","link":"https:\/\/eldiariodesanpedro.com.ar\/sitio\/baradero-robaron-un-camion-haciendose-pasar-por-policias\/","title":{"rendered":"BARADERO: Robaron un cami\u00f3n haci\u00e9ndose pasar por polic\u00edas"},"content":{"rendered":"<p><!-- VideographyWP Plugin Message: Automatic video embedding prevented by plugin options. --><br \/>\n  Fue en la Ruta 9 en el kil\u00f3metro 135. El cami\u00f3n de la localidad de Baradero transportaba mercader\u00eda como galletitas, jugos y dem\u00e1s. El chofer fue sorprendido por cinco sujetos que lo intimidaron con un arma de fuego, \u201csupuestamente ten\u00edan vestimenta parecida a la de la Polic\u00eda Federal\u201d explic\u00f3 el Sub Comisario en Contacto Directo.<br \/>\n  El Sub Comisario Mario Mendez, se refiri\u00f3 a lo sucedido en 105.7 Tu Radio y explic\u00f3 que este jueves las 21.30 hs. se hab\u00eda alertado a trav\u00e9s del 911 sobre un accidente a la Comisar\u00eda comunal. Pocos minutos despu\u00e9s, desde la empresa avisaron a la polic\u00eda respecto del alerta emitido desde el cami\u00f3n.<\/p>\n<p>  Cinco personas en un auto quienes \u201csupuestamente ten\u00edan vestimenta parecida a la de la Polic\u00eda Federal\u201d amenazaron con un arma de fuego al chofer quien detuvo la marcha.<\/p>\n<p>  El cami\u00f3n luego fue encontrado entre Mercedes y San Andr\u00e9s de Giles, el chofer fue abandonado en Mataderos. Por el hecho intervino personal de DDI.<\/p>\n","protected":false},"excerpt":{"rendered":"<p>Fue en la Ruta 9 en el kil\u00f3metro 135. El cami\u00f3n de la localidad de Baradero transportaba mercader\u00eda como galletitas, jugos y dem\u00e1s. El chofer fue sorprendido por cinco sujetos que lo intimidaron con un arma de fuego, \u201csupuestamente ten\u00edan vestimenta parecida a la de la Polic\u00eda Federal\u201d explic\u00f3 el Sub Comisario en Contacto Directo. [&hellip;]<\/p>\n","protected":false},"author":4,"featured_media":0,"comment_status":"open","ping_status":"closed","sticky":false,"template":"","format":"standard","meta":{"om_disable_all_campaigns":false,"_jetpack_memberships_contains_paid_content":false,"footnotes":""},"categories":[621],"tags":[],"class_list":["post-33025","post","type-post","status-publish","format-standard","hentry","category-regionales"],"aioseo_notices":[],"gutentor_comment":0,"jetpack_featured_media_url":"","jetpack_shortlink":"https:\/\/wp.me\/p6RhLt-8AF","jetpack_sharing_enabled":true,"_links":{"self":[{"href":"https:\/\/eldiariodesanpedro.com.ar\/sitio\/wp-json\/wp\/v2\/posts\/33025","targetHints":{"allow":["GET"]}}],"collection":[{"href":"https:\/\/eldiariodesanpedro.com.ar\/sitio\/wp-json\/wp\/v2\/posts"}],"about":[{"href":"https:\/\/eldiariodesanpedro.com.ar\/sitio\/wp-json\/wp\/v2\/types\/post"}],"author":[{"embeddable":true,"href":"https:\/\/eldiariodesanpedro.com.ar\/sitio\/wp-json\/wp\/v2\/users\/4"}],"replies":[{"embeddable":true,"href":"https:\/\/eldiariodesanpedro.com.ar\/sitio\/wp-json\/wp\/v2\/comments?post=33025"}],"version-history":[{"count":1,"href":"https:\/\/eldiariodesanpedro.com.ar\/sitio\/wp-json\/wp\/v2\/posts\/33025\/revisions"}],"predecessor-version":[{"id":33026,"href":"https:\/\/eldiariodesanpedro.com.ar\/sitio\/wp-json\/wp\/v2\/posts\/33025\/revisions\/33026"}],"wp:attachment":[{"href":"https:\/\/eldiariodesanpedro.com.ar\/sitio\/wp-json\/wp\/v2\/media?parent=33025"}],"wp:term":[{"taxonomy":"category","embeddable":true,"href":"https:\/\/eldiariodesanpedro.com.ar\/sitio\/wp-json\/wp\/v2\/categories?post=33025"},{"taxonomy":"post_tag","embeddable":true,"href":"https:\/\/eldiariodesanpedro.com.ar\/sitio\/wp-json\/wp\/v2\/tags?post=33025"}],"curies":[{"name":"wp","href":"https:\/\/api.w.org\/{rel}","templated":true}]}}