{"id":33024,"date":"2018-05-11T21:04:35","date_gmt":"2018-05-12T00:04:35","guid":{"rendered":"https:\/\/eldiariodesanpedro.com.ar\/sitio\/?p=33024"},"modified":"2018-05-11T21:04:35","modified_gmt":"2018-05-12T00:04:35","slug":"san-nicolas-la-reduccion-de-impuestos-y-un-bajo-impacto-en-las-tarifas","status":"publish","type":"post","link":"https:\/\/eldiariodesanpedro.com.ar\/sitio\/san-nicolas-la-reduccion-de-impuestos-y-un-bajo-impacto-en-las-tarifas\/","title":{"rendered":"SAN NICOL\u00c1S: La reducci\u00f3n de impuestos y un bajo impacto en las tarifas"},"content":{"rendered":"<p><!-- VideographyWP Plugin Message: Automatic video embedding prevented by plugin options. --><br \/>\nSi bien puede variar seg\u00fan la regi\u00f3n de la provincia de Buenos Aires, hay algunos que los pagamos todos. En gas la baja ser\u00e1 de 6,3% por decreto, y en luz del 15,7%. En t\u00e9rminos nominales el impacto no es muy significativo.<\/p>\n<p>  Tras el anuncio de Vidal, cabe recordar que en todas las facturas se abonan tambi\u00e9n impuestos nacionales &#8211; como el IVA (21%) &#8211; pero que ellos no est\u00e1n alcanzados por los decretos provinciales y escapan a las facultades de la Legislatura bonaerense.<\/p>\n<p>  De acuerdo al anuncio oficial, en las facturas del gas la baja ser\u00e1 de 6,3% por decreto. No obstante, el impuesto provincial, seg\u00fan Ley 8.474 y su modificatoria 11.801, establece \u00abun adicional del nueve (9) por ciento sobre el valor total facturado por la venta de gas natural y\/o licuado, libre de todo gravamen\u00bb. En el servicio el\u00e9ctrico, la reducci\u00f3n en promedio ser\u00e1 de 15,7%: 10,4% se reducir\u00e1 autom\u00e1ticamente a trav\u00e9s de un decreto (se derogar\u00e1 el impuesto que se destina al \u00abFondo Especial de Desarrollo El\u00e9ctrico de la Provincia de Buenos Aires\u00bb de la ley 7.290 de 1967).<\/p>\n<p>  En tanto que el porcentaje restante ser\u00e1 a trav\u00e9s de la modificaci\u00f3n de la Ley 11.769. Esta ley marca en sus art\u00edculos 74 y 75 el \u00abR\u00e9gimen tributario municipal y provincial\u00bb por el cual establece aportes del 0,6% y del 6% para provincia y municipalidades respectivamente.<\/p>\n<p>Tambi\u00e9n cobran un 5,5% del Fondo provincial que establece la Ley 9.038 de 1978 para la construcci\u00f3n de la \u00abCentral Termoel\u00e9ctrica Comandante Luis Piedrabuena\u00bb de Bah\u00eda Blanca que se termin\u00f3 de hacer en 1988. Por otra parte, y seg\u00fan el municipio, se cobra la tasa de alumbrado p\u00fablico.<\/p>\n<p>  En concreto, con la reducci\u00f3n de impuestos provinciales que anunci\u00f3 Vidal en una factura de gas de $1.000, el descuento ser\u00e1 de apenas 63 pesos; en una boleta de luz de $500, el descuento ser\u00e1 de 77 pesos; y en una de agua de $400 la baja ser\u00e1 de 30,5 pesos.<\/p>\n<p><strong>Para jubilados<\/strong><br \/>\n  La Empresa Distribuidora de Energ\u00eda Norte inform\u00f3 que desde mayo tendr\u00e1n la opci\u00f3n de elegir los jubilados y pensionados titulares del servicio el\u00e9ctrico residenciales. La elecci\u00f3n ser\u00e1 para el d\u00eda de vencimiento de la factura seg\u00fan sea la fecha del cobro de sus haberes.<\/p>\n<p>  El nuevo vencimiento entra en vigencia a partir de la primera factura que se emita desde la solicitud del cambio de vencimiento, inform\u00f3 la empresa que tiene la concesi\u00f3n de la distribuci\u00f3n de energ\u00eda en la zona norte y noroeste bonaerense. El cambio de fecha puede realizarse a trav\u00e9s del Centro de Atenci\u00f3n Telef\u00f3nica, 0810 999 3336, de lunes a viernes de 8 a 18 hs.<\/p>\n<p>Fuente: Diario El Norte<\/p>\n","protected":false},"excerpt":{"rendered":"<p>Si bien puede variar seg\u00fan la regi\u00f3n de la provincia de Buenos Aires, hay algunos que los pagamos todos. En gas la baja ser\u00e1 de 6,3% por decreto, y en luz del 15,7%. En t\u00e9rminos nominales el impacto no es muy significativo. Tras el anuncio de Vidal, cabe recordar que en todas las facturas se [&hellip;]<\/p>\n","protected":false},"author":4,"featured_media":33027,"comment_status":"open","ping_status":"closed","sticky":false,"template":"","format":"standard","meta":{"om_disable_all_campaigns":false,"_jetpack_memberships_contains_paid_content":false,"footnotes":""},"categories":[621],"tags":[],"class_list":["post-33024","post","type-post","status-publish","format-standard","has-post-thumbnail","hentry","category-regionales"],"aioseo_notices":[],"gutentor_comment":0,"jetpack_featured_media_url":"https:\/\/eldiariodesanpedro.com.ar\/sitio\/wp-content\/uploads\/2018\/05\/El-impacto-no-es-muy-significativo-.jpg","jetpack_shortlink":"https:\/\/wp.me\/p6RhLt-8AE","jetpack_sharing_enabled":true,"_links":{"self":[{"href":"https:\/\/eldiariodesanpedro.com.ar\/sitio\/wp-json\/wp\/v2\/posts\/33024","targetHints":{"allow":["GET"]}}],"collection":[{"href":"https:\/\/eldiariodesanpedro.com.ar\/sitio\/wp-json\/wp\/v2\/posts"}],"about":[{"href":"https:\/\/eldiariodesanpedro.com.ar\/sitio\/wp-json\/wp\/v2\/types\/post"}],"author":[{"embeddable":true,"href":"https:\/\/eldiariodesanpedro.com.ar\/sitio\/wp-json\/wp\/v2\/users\/4"}],"replies":[{"embeddable":true,"href":"https:\/\/eldiariodesanpedro.com.ar\/sitio\/wp-json\/wp\/v2\/comments?post=33024"}],"version-history":[{"count":1,"href":"https:\/\/eldiariodesanpedro.com.ar\/sitio\/wp-json\/wp\/v2\/posts\/33024\/revisions"}],"predecessor-version":[{"id":33028,"href":"https:\/\/eldiariodesanpedro.com.ar\/sitio\/wp-json\/wp\/v2\/posts\/33024\/revisions\/33028"}],"wp:featuredmedia":[{"embeddable":true,"href":"https:\/\/eldiariodesanpedro.com.ar\/sitio\/wp-json\/wp\/v2\/media\/33027"}],"wp:attachment":[{"href":"https:\/\/eldiariodesanpedro.com.ar\/sitio\/wp-json\/wp\/v2\/media?parent=33024"}],"wp:term":[{"taxonomy":"category","embeddable":true,"href":"https:\/\/eldiariodesanpedro.com.ar\/sitio\/wp-json\/wp\/v2\/categories?post=33024"},{"taxonomy":"post_tag","embeddable":true,"href":"https:\/\/eldiariodesanpedro.com.ar\/sitio\/wp-json\/wp\/v2\/tags?post=33024"}],"curies":[{"name":"wp","href":"https:\/\/api.w.org\/{rel}","templated":true}]}}