{"id":33020,"date":"2018-05-11T20:59:09","date_gmt":"2018-05-11T23:59:09","guid":{"rendered":"https:\/\/eldiariodesanpedro.com.ar\/sitio\/?p=33020"},"modified":"2018-05-11T20:59:09","modified_gmt":"2018-05-11T23:59:09","slug":"baradero-el-same-de-la-provincia-envio-ambulancias-4-x-4-a-esta-localidad","status":"publish","type":"post","link":"https:\/\/eldiariodesanpedro.com.ar\/sitio\/baradero-el-same-de-la-provincia-envio-ambulancias-4-x-4-a-esta-localidad\/","title":{"rendered":"BARADERO: El SAME de la provincia envi\u00f3 ambulancias 4 X 4 a esta localidad"},"content":{"rendered":"<p><!-- VideographyWP Plugin Message: Automatic video embedding prevented by plugin options. --><br \/>\n  Tras las consecuencias de las intensas lluvias, el SAME envi\u00f3 desde el \u00e1mbito de la provincia de Buenos Aires cuatro veh\u00edculos a esta localidad.<\/p>\n<p>  Se trata de tres ambulancias, dos de ellas 4 X 4, y una camioneta doble cabina. Por el momento, los cuatro veh\u00edculos se encuentran en la zona del puerto.<\/p>\n<p>  Se realiza una reuni\u00f3n en la sede de Prefectura local en la cual participa el Prefecto Peralta, el Coordinador de Operaciones de Defensa Civil, Oscar Pellegrini, y autoridades del SAME. Adem\u00e1s se aguarda la llegada de la intendenta Fernanda Antonijevic quien ser\u00e1 parte de la cita.<\/p>\n<p>  Tanto la mandataria local como el prefecto, autoridades del SAME y Defensa Civil ya hab\u00edan mantenido una reuni\u00f3n esta ma\u00f1ana.<\/p>\n","protected":false},"excerpt":{"rendered":"<p>Tras las consecuencias de las intensas lluvias, el SAME envi\u00f3 desde el \u00e1mbito de la provincia de Buenos Aires cuatro veh\u00edculos a esta localidad. Se trata de tres ambulancias, dos de ellas 4 X 4, y una camioneta doble cabina. Por el momento, los cuatro veh\u00edculos se encuentran en la zona del puerto. Se realiza [&hellip;]<\/p>\n","protected":false},"author":4,"featured_media":33022,"comment_status":"open","ping_status":"closed","sticky":false,"template":"","format":"standard","meta":{"om_disable_all_campaigns":false,"_jetpack_memberships_contains_paid_content":false,"footnotes":""},"categories":[621],"tags":[],"class_list":["post-33020","post","type-post","status-publish","format-standard","has-post-thumbnail","hentry","category-regionales"],"aioseo_notices":[],"gutentor_comment":0,"jetpack_featured_media_url":"https:\/\/eldiariodesanpedro.com.ar\/sitio\/wp-content\/uploads\/2018\/05\/baradero-SAME-de-la-provincia-envi\u00f3-ambulancias-4-X-4-a-esta-localidad.jpg","jetpack_shortlink":"https:\/\/wp.me\/p6RhLt-8AA","jetpack_sharing_enabled":true,"_links":{"self":[{"href":"https:\/\/eldiariodesanpedro.com.ar\/sitio\/wp-json\/wp\/v2\/posts\/33020","targetHints":{"allow":["GET"]}}],"collection":[{"href":"https:\/\/eldiariodesanpedro.com.ar\/sitio\/wp-json\/wp\/v2\/posts"}],"about":[{"href":"https:\/\/eldiariodesanpedro.com.ar\/sitio\/wp-json\/wp\/v2\/types\/post"}],"author":[{"embeddable":true,"href":"https:\/\/eldiariodesanpedro.com.ar\/sitio\/wp-json\/wp\/v2\/users\/4"}],"replies":[{"embeddable":true,"href":"https:\/\/eldiariodesanpedro.com.ar\/sitio\/wp-json\/wp\/v2\/comments?post=33020"}],"version-history":[{"count":1,"href":"https:\/\/eldiariodesanpedro.com.ar\/sitio\/wp-json\/wp\/v2\/posts\/33020\/revisions"}],"predecessor-version":[{"id":33023,"href":"https:\/\/eldiariodesanpedro.com.ar\/sitio\/wp-json\/wp\/v2\/posts\/33020\/revisions\/33023"}],"wp:featuredmedia":[{"embeddable":true,"href":"https:\/\/eldiariodesanpedro.com.ar\/sitio\/wp-json\/wp\/v2\/media\/33022"}],"wp:attachment":[{"href":"https:\/\/eldiariodesanpedro.com.ar\/sitio\/wp-json\/wp\/v2\/media?parent=33020"}],"wp:term":[{"taxonomy":"category","embeddable":true,"href":"https:\/\/eldiariodesanpedro.com.ar\/sitio\/wp-json\/wp\/v2\/categories?post=33020"},{"taxonomy":"post_tag","embeddable":true,"href":"https:\/\/eldiariodesanpedro.com.ar\/sitio\/wp-json\/wp\/v2\/tags?post=33020"}],"curies":[{"name":"wp","href":"https:\/\/api.w.org\/{rel}","templated":true}]}}