{"id":33016,"date":"2018-05-11T20:57:49","date_gmt":"2018-05-11T23:57:49","guid":{"rendered":"https:\/\/eldiariodesanpedro.com.ar\/sitio\/?p=33016"},"modified":"2018-05-11T20:57:49","modified_gmt":"2018-05-11T23:57:49","slug":"baradero-despiste-en-ruta-9-de-un-automovil","status":"publish","type":"post","link":"https:\/\/eldiariodesanpedro.com.ar\/sitio\/baradero-despiste-en-ruta-9-de-un-automovil\/","title":{"rendered":"BARADERO: Despiste en Ruta 9 de un autom\u00f3vil"},"content":{"rendered":"<p><!-- VideographyWP Plugin Message: Automatic video embedding prevented by plugin options. --><br \/>\n  Fue en horas del mediod\u00eda de este viernes en la Ruta Nacional N\u00b0 9. Aparentemente un espejo de agua produjo que una mujer perdiera el control de su auto que circulaba en sentido a Rosario con cuatro ocupantes.<\/p>\n<p>  Fue en el kil\u00f3metro 135 de la Ruta 9. Al lugar se dirigi\u00f3 el servicio de emergencia y personal de polic\u00eda vial de Alsina.<\/p>\n<p>  El veh\u00edculo, luego de despistar, termin\u00f3 en el cantero central sobre una gran acumulaci\u00f3n de agua.<\/p>\n","protected":false},"excerpt":{"rendered":"<p>Fue en horas del mediod\u00eda de este viernes en la Ruta Nacional N\u00b0 9. Aparentemente un espejo de agua produjo que una mujer perdiera el control de su auto que circulaba en sentido a Rosario con cuatro ocupantes. Fue en el kil\u00f3metro 135 de la Ruta 9. Al lugar se dirigi\u00f3 el servicio de emergencia [&hellip;]<\/p>\n","protected":false},"author":4,"featured_media":33018,"comment_status":"open","ping_status":"closed","sticky":false,"template":"","format":"standard","meta":{"om_disable_all_campaigns":false,"_jetpack_memberships_contains_paid_content":false,"footnotes":""},"categories":[621],"tags":[],"class_list":["post-33016","post","type-post","status-publish","format-standard","has-post-thumbnail","hentry","category-regionales"],"aioseo_notices":[],"gutentor_comment":0,"jetpack_featured_media_url":"https:\/\/eldiariodesanpedro.com.ar\/sitio\/wp-content\/uploads\/2018\/05\/El-veh\u00edculo-luego-del-despiste.jpg","jetpack_shortlink":"https:\/\/wp.me\/p6RhLt-8Aw","jetpack_sharing_enabled":true,"_links":{"self":[{"href":"https:\/\/eldiariodesanpedro.com.ar\/sitio\/wp-json\/wp\/v2\/posts\/33016","targetHints":{"allow":["GET"]}}],"collection":[{"href":"https:\/\/eldiariodesanpedro.com.ar\/sitio\/wp-json\/wp\/v2\/posts"}],"about":[{"href":"https:\/\/eldiariodesanpedro.com.ar\/sitio\/wp-json\/wp\/v2\/types\/post"}],"author":[{"embeddable":true,"href":"https:\/\/eldiariodesanpedro.com.ar\/sitio\/wp-json\/wp\/v2\/users\/4"}],"replies":[{"embeddable":true,"href":"https:\/\/eldiariodesanpedro.com.ar\/sitio\/wp-json\/wp\/v2\/comments?post=33016"}],"version-history":[{"count":1,"href":"https:\/\/eldiariodesanpedro.com.ar\/sitio\/wp-json\/wp\/v2\/posts\/33016\/revisions"}],"predecessor-version":[{"id":33021,"href":"https:\/\/eldiariodesanpedro.com.ar\/sitio\/wp-json\/wp\/v2\/posts\/33016\/revisions\/33021"}],"wp:featuredmedia":[{"embeddable":true,"href":"https:\/\/eldiariodesanpedro.com.ar\/sitio\/wp-json\/wp\/v2\/media\/33018"}],"wp:attachment":[{"href":"https:\/\/eldiariodesanpedro.com.ar\/sitio\/wp-json\/wp\/v2\/media?parent=33016"}],"wp:term":[{"taxonomy":"category","embeddable":true,"href":"https:\/\/eldiariodesanpedro.com.ar\/sitio\/wp-json\/wp\/v2\/categories?post=33016"},{"taxonomy":"post_tag","embeddable":true,"href":"https:\/\/eldiariodesanpedro.com.ar\/sitio\/wp-json\/wp\/v2\/tags?post=33016"}],"curies":[{"name":"wp","href":"https:\/\/api.w.org\/{rel}","templated":true}]}}