{"id":33014,"date":"2018-05-11T20:56:50","date_gmt":"2018-05-11T23:56:50","guid":{"rendered":"https:\/\/eldiariodesanpedro.com.ar\/sitio\/?p=33014"},"modified":"2018-05-11T20:56:50","modified_gmt":"2018-05-11T23:56:50","slug":"baradero-detuvieron-a-un-hombre-por-abuso-sexual","status":"publish","type":"post","link":"https:\/\/eldiariodesanpedro.com.ar\/sitio\/baradero-detuvieron-a-un-hombre-por-abuso-sexual\/","title":{"rendered":"BARADERO: Detuvieron a un hombre por abuso sexual"},"content":{"rendered":"<p><!-- VideographyWP Plugin Message: Automatic video embedding prevented by plugin options. --><br \/>\nUn hombre de 36 a\u00f1os fue detenido ayer por orden del Juzgado de Garant\u00edas N\u00b0 3 de San Nicol\u00e1s en su vivienda ubicada en Mart\u00edn Fierro 1100. Pesa sobre \u00e9l una denuncia de abuso sexual con acceso carnal.<\/p>\n<p>  Seg\u00fan lo expresado por el Sub Comisario Mario M\u00e9ndez en Contacto Directo, la denuncia fue radicada en abril en la Comisar\u00eda de la Mujer y la Familia por una joven de 18 a\u00f1os de edad que fue su hijastra.<\/p>\n<p>  En su declaraci\u00f3n, la joven \u201caduce que desde los 10 a\u00f1os era abusada por este hombre siendo el \u00faltimo abuso en el mes de septiembre del a\u00f1o pasado\u201d relat\u00f3 el Sub Comisario.<\/p>\n<p>  \u201cPor temor, nunca quiso denunciar\u201d afirm\u00f3 M\u00e9ndez. Quien inform\u00f3 que adem\u00e1s de la detenci\u00f3n se procedi\u00f3 a la incautaci\u00f3n de una escopeta y varios cartuchos en la vivienda, aunque no ten\u00edan relaci\u00f3n con la causa. El acusado permanece alojado en la dependencia policial local.<\/p>\n<p>Fuente: Tu L\u00ednea Directa<\/p>\n","protected":false},"excerpt":{"rendered":"<p>Un hombre de 36 a\u00f1os fue detenido ayer por orden del Juzgado de Garant\u00edas N\u00b0 3 de San Nicol\u00e1s en su vivienda ubicada en Mart\u00edn Fierro 1100. Pesa sobre \u00e9l una denuncia de abuso sexual con acceso carnal. Seg\u00fan lo expresado por el Sub Comisario Mario M\u00e9ndez en Contacto Directo, la denuncia fue radicada en [&hellip;]<\/p>\n","protected":false},"author":4,"featured_media":28826,"comment_status":"open","ping_status":"closed","sticky":false,"template":"","format":"standard","meta":{"om_disable_all_campaigns":false,"_jetpack_memberships_contains_paid_content":false,"footnotes":""},"categories":[621],"tags":[],"class_list":["post-33014","post","type-post","status-publish","format-standard","has-post-thumbnail","hentry","category-regionales"],"aioseo_notices":[],"gutentor_comment":0,"jetpack_featured_media_url":"https:\/\/eldiariodesanpedro.com.ar\/sitio\/wp-content\/uploads\/2018\/02\/detenido-4.jpg","jetpack_shortlink":"https:\/\/wp.me\/p6RhLt-8Au","jetpack_sharing_enabled":true,"_links":{"self":[{"href":"https:\/\/eldiariodesanpedro.com.ar\/sitio\/wp-json\/wp\/v2\/posts\/33014","targetHints":{"allow":["GET"]}}],"collection":[{"href":"https:\/\/eldiariodesanpedro.com.ar\/sitio\/wp-json\/wp\/v2\/posts"}],"about":[{"href":"https:\/\/eldiariodesanpedro.com.ar\/sitio\/wp-json\/wp\/v2\/types\/post"}],"author":[{"embeddable":true,"href":"https:\/\/eldiariodesanpedro.com.ar\/sitio\/wp-json\/wp\/v2\/users\/4"}],"replies":[{"embeddable":true,"href":"https:\/\/eldiariodesanpedro.com.ar\/sitio\/wp-json\/wp\/v2\/comments?post=33014"}],"version-history":[{"count":2,"href":"https:\/\/eldiariodesanpedro.com.ar\/sitio\/wp-json\/wp\/v2\/posts\/33014\/revisions"}],"predecessor-version":[{"id":33019,"href":"https:\/\/eldiariodesanpedro.com.ar\/sitio\/wp-json\/wp\/v2\/posts\/33014\/revisions\/33019"}],"wp:featuredmedia":[{"embeddable":true,"href":"https:\/\/eldiariodesanpedro.com.ar\/sitio\/wp-json\/wp\/v2\/media\/28826"}],"wp:attachment":[{"href":"https:\/\/eldiariodesanpedro.com.ar\/sitio\/wp-json\/wp\/v2\/media?parent=33014"}],"wp:term":[{"taxonomy":"category","embeddable":true,"href":"https:\/\/eldiariodesanpedro.com.ar\/sitio\/wp-json\/wp\/v2\/categories?post=33014"},{"taxonomy":"post_tag","embeddable":true,"href":"https:\/\/eldiariodesanpedro.com.ar\/sitio\/wp-json\/wp\/v2\/tags?post=33014"}],"curies":[{"name":"wp","href":"https:\/\/api.w.org\/{rel}","templated":true}]}}