{"id":33011,"date":"2018-05-11T20:55:03","date_gmt":"2018-05-11T23:55:03","guid":{"rendered":"https:\/\/eldiariodesanpedro.com.ar\/sitio\/?p=33011"},"modified":"2018-05-11T20:55:03","modified_gmt":"2018-05-11T23:55:03","slug":"san-nicolas-mas-de-50-familias-permanecen-evacuadas-tras-el-temporal","status":"publish","type":"post","link":"https:\/\/eldiariodesanpedro.com.ar\/sitio\/san-nicolas-mas-de-50-familias-permanecen-evacuadas-tras-el-temporal\/","title":{"rendered":"SAN NICOL\u00c1S: M\u00e1s de 50 familias permanecen evacuadas tras el temporal"},"content":{"rendered":"<p><!-- VideographyWP Plugin Message: Automatic video embedding prevented by plugin options. --><br \/>\n  M\u00e1s de medio centenar de familias permanecen evacuadas en diferentes salones comunitarios, tras el temporal de lluvia que azot\u00f3 a la regi\u00f3n durante el jueves y primeras horas de este viernes. De acuerdo a la informaci\u00f3n suministrada por el INTA San Nicol\u00e1s, en nuestro distrito cayeron entre 100mm y 170mm de agua. En la zona de Conesa fueron m\u00e1s importantes las precipitaciones.<\/p>\n<p>  Si bien en la ciudad la ca\u00edda de agua fue extrema, pareci\u00f3 que los nuevos sistemas de desag\u00fce no fueron totalmente efectivos para absorber el agua de la calzada. Es as\u00ed que las calles principales se llenaron de agua de cord\u00f3n a cord\u00f3n. Los peatones no tuvieron otro remedio para cruzar que meterse al agua. Pero lo m\u00e1s grave se dio en los barrios, tanto que el intendente Manuel Passaglia decidi\u00f3 convocar al Comit\u00e9 de Emergencia (COE), resolviendo movilizar al Ej\u00e9rcito para ayudar a los vecinos de los barrios anegados.<\/p>\n<p>  El COE, conformado por el Municipio, fuerzas de seguridad e instituciones sanitarias, dispuso operativos conjuntos en distintos puntos de la ciudad y sus delegaciones. Los barrios m\u00e1s afectados son: en la Zona Sur, Santa Rosa, 9 de julio, Virgen del Luj\u00e1n, Sironi y 7 de Septiembre. En la Zona Norte, Moreno y Las Mellizas. En la Zona Oeste, Pezzi, San Francisco, 12 de Marzo, Floresta, Colombini y Virgen del Rosario. En las Delegaciones, General Rojo, Villa Esperanza y Come Hue.<\/p>\n<p>  Adem\u00e1s de los operativos en los barrios, se habilitaron como centros de evacuados el Club Ciclista, los salones comunitarios de los barrios Virgen del Luj\u00e1n, Avamba\u00e9, 9 de Julio, Virgen del Rosario y Las Mellizas.<\/p>\n","protected":false},"excerpt":{"rendered":"<p>M\u00e1s de medio centenar de familias permanecen evacuadas en diferentes salones comunitarios, tras el temporal de lluvia que azot\u00f3 a la regi\u00f3n durante el jueves y primeras horas de este viernes. De acuerdo a la informaci\u00f3n suministrada por el INTA San Nicol\u00e1s, en nuestro distrito cayeron entre 100mm y 170mm de agua. En la zona [&hellip;]<\/p>\n","protected":false},"author":4,"featured_media":33013,"comment_status":"open","ping_status":"closed","sticky":false,"template":"","format":"standard","meta":{"om_disable_all_campaigns":false,"_jetpack_memberships_contains_paid_content":false,"footnotes":""},"categories":[621],"tags":[],"class_list":["post-33011","post","type-post","status-publish","format-standard","has-post-thumbnail","hentry","category-regionales"],"aioseo_notices":[],"gutentor_comment":0,"jetpack_featured_media_url":"https:\/\/eldiariodesanpedro.com.ar\/sitio\/wp-content\/uploads\/2018\/05\/temporal-san-nicolas.jpg","jetpack_shortlink":"https:\/\/wp.me\/p6RhLt-8Ar","jetpack_sharing_enabled":true,"_links":{"self":[{"href":"https:\/\/eldiariodesanpedro.com.ar\/sitio\/wp-json\/wp\/v2\/posts\/33011","targetHints":{"allow":["GET"]}}],"collection":[{"href":"https:\/\/eldiariodesanpedro.com.ar\/sitio\/wp-json\/wp\/v2\/posts"}],"about":[{"href":"https:\/\/eldiariodesanpedro.com.ar\/sitio\/wp-json\/wp\/v2\/types\/post"}],"author":[{"embeddable":true,"href":"https:\/\/eldiariodesanpedro.com.ar\/sitio\/wp-json\/wp\/v2\/users\/4"}],"replies":[{"embeddable":true,"href":"https:\/\/eldiariodesanpedro.com.ar\/sitio\/wp-json\/wp\/v2\/comments?post=33011"}],"version-history":[{"count":1,"href":"https:\/\/eldiariodesanpedro.com.ar\/sitio\/wp-json\/wp\/v2\/posts\/33011\/revisions"}],"predecessor-version":[{"id":33015,"href":"https:\/\/eldiariodesanpedro.com.ar\/sitio\/wp-json\/wp\/v2\/posts\/33011\/revisions\/33015"}],"wp:featuredmedia":[{"embeddable":true,"href":"https:\/\/eldiariodesanpedro.com.ar\/sitio\/wp-json\/wp\/v2\/media\/33013"}],"wp:attachment":[{"href":"https:\/\/eldiariodesanpedro.com.ar\/sitio\/wp-json\/wp\/v2\/media?parent=33011"}],"wp:term":[{"taxonomy":"category","embeddable":true,"href":"https:\/\/eldiariodesanpedro.com.ar\/sitio\/wp-json\/wp\/v2\/categories?post=33011"},{"taxonomy":"post_tag","embeddable":true,"href":"https:\/\/eldiariodesanpedro.com.ar\/sitio\/wp-json\/wp\/v2\/tags?post=33011"}],"curies":[{"name":"wp","href":"https:\/\/api.w.org\/{rel}","templated":true}]}}