{"id":33009,"date":"2018-05-11T20:52:23","date_gmt":"2018-05-11T23:52:23","guid":{"rendered":"https:\/\/eldiariodesanpedro.com.ar\/sitio\/?p=33009"},"modified":"2018-05-11T20:52:23","modified_gmt":"2018-05-11T23:52:23","slug":"ramallo-el-paraiso-dos-detenidos-por-robo-de-combustible","status":"publish","type":"post","link":"https:\/\/eldiariodesanpedro.com.ar\/sitio\/ramallo-el-paraiso-dos-detenidos-por-robo-de-combustible\/","title":{"rendered":"RAMALLO, El Para\u00edso: Dos detenidos por robo de combustible"},"content":{"rendered":"<p><!-- VideographyWP Plugin Message: Automatic video embedding prevented by plugin options. --><br \/>\nPersonal de la DDI I San Nicol\u00e1s, pudo determinar a trav\u00e9s de una investigaci\u00f3n que en un paraje ubicado sobre la Ruta Nacional 9 a la altura de Ramallo, descargaban combustible de dudosa procedencia.<\/p>\n<p>  Tras horas de vigilancia encubierta, m\u00e1s el aporte de im\u00e1genes y elementos probatorios se pidieron \u00f3rdenes de allanamiento las cuales fueron otorgadas por el Juzgado de Garant\u00edas N\u00b02 a cargo del Dr. Pratti.<br \/>\n  El procedimiento fue realizado por personal policial de la DDI junto a personal de Ecol\u00f3gicas San Nicol\u00e1s, Comisar\u00eda Ramallo Segunda y Patrulla Rural Ramallo. <\/p>\n<p>  En el paraje fueron identificados y detenidos el due\u00f1o del lugar, un hombre de 62 a\u00f1os de la localidad de San Pedro y su encargado de 35 a\u00f1os, de Villa Ramallo. Tras la requisa efectuada se secuestraron tambores de 205 litros con gasoil, 3 binner y 50 bidones.<\/p>\n<p>  Interviene en la causa la Unidad Funcional de Instrucci\u00f3n N\u00b0 10 a cargo de la Dra. Sandra Bicetti quien orden\u00f3 que los imputados, sobre los cuales se labraron actuaciones por Hurto Agravado, fueran remitidos a sede judicial. En cuanto a los elementos incautados quedar\u00e1n en el lugar en concepto de depositario judicial.<br \/>\n  Las tareas de investigaci\u00f3n fueron supervisadas por el Director de la DDI I San Nicol\u00e1s, Comisario Mayor Ra\u00fal Santiago Hevia.<\/p>\n<p>Fuente: La Radio Ramallo<\/p>\n","protected":false},"excerpt":{"rendered":"<p>Personal de la DDI I San Nicol\u00e1s, pudo determinar a trav\u00e9s de una investigaci\u00f3n que en un paraje ubicado sobre la Ruta Nacional 9 a la altura de Ramallo, descargaban combustible de dudosa procedencia. Tras horas de vigilancia encubierta, m\u00e1s el aporte de im\u00e1genes y elementos probatorios se pidieron \u00f3rdenes de allanamiento las cuales fueron [&hellip;]<\/p>\n","protected":false},"author":4,"featured_media":33010,"comment_status":"open","ping_status":"closed","sticky":false,"template":"","format":"standard","meta":{"om_disable_all_campaigns":false,"_jetpack_memberships_contains_paid_content":false,"footnotes":""},"categories":[621],"tags":[],"class_list":["post-33009","post","type-post","status-publish","format-standard","has-post-thumbnail","hentry","category-regionales"],"aioseo_notices":[],"gutentor_comment":0,"jetpack_featured_media_url":"https:\/\/eldiariodesanpedro.com.ar\/sitio\/wp-content\/uploads\/2018\/05\/Se-secuestraron-tambores-de-205-litros-con-gasoil.jpg","jetpack_shortlink":"https:\/\/wp.me\/p6RhLt-8Ap","jetpack_sharing_enabled":true,"_links":{"self":[{"href":"https:\/\/eldiariodesanpedro.com.ar\/sitio\/wp-json\/wp\/v2\/posts\/33009","targetHints":{"allow":["GET"]}}],"collection":[{"href":"https:\/\/eldiariodesanpedro.com.ar\/sitio\/wp-json\/wp\/v2\/posts"}],"about":[{"href":"https:\/\/eldiariodesanpedro.com.ar\/sitio\/wp-json\/wp\/v2\/types\/post"}],"author":[{"embeddable":true,"href":"https:\/\/eldiariodesanpedro.com.ar\/sitio\/wp-json\/wp\/v2\/users\/4"}],"replies":[{"embeddable":true,"href":"https:\/\/eldiariodesanpedro.com.ar\/sitio\/wp-json\/wp\/v2\/comments?post=33009"}],"version-history":[{"count":1,"href":"https:\/\/eldiariodesanpedro.com.ar\/sitio\/wp-json\/wp\/v2\/posts\/33009\/revisions"}],"predecessor-version":[{"id":33012,"href":"https:\/\/eldiariodesanpedro.com.ar\/sitio\/wp-json\/wp\/v2\/posts\/33009\/revisions\/33012"}],"wp:featuredmedia":[{"embeddable":true,"href":"https:\/\/eldiariodesanpedro.com.ar\/sitio\/wp-json\/wp\/v2\/media\/33010"}],"wp:attachment":[{"href":"https:\/\/eldiariodesanpedro.com.ar\/sitio\/wp-json\/wp\/v2\/media?parent=33009"}],"wp:term":[{"taxonomy":"category","embeddable":true,"href":"https:\/\/eldiariodesanpedro.com.ar\/sitio\/wp-json\/wp\/v2\/categories?post=33009"},{"taxonomy":"post_tag","embeddable":true,"href":"https:\/\/eldiariodesanpedro.com.ar\/sitio\/wp-json\/wp\/v2\/tags?post=33009"}],"curies":[{"name":"wp","href":"https:\/\/api.w.org\/{rel}","templated":true}]}}