{"id":33005,"date":"2018-05-11T20:43:23","date_gmt":"2018-05-11T23:43:23","guid":{"rendered":"https:\/\/eldiariodesanpedro.com.ar\/sitio\/?p=33005"},"modified":"2018-05-11T20:43:23","modified_gmt":"2018-05-11T23:43:23","slug":"lanzamiento-del-portal-proveedores","status":"publish","type":"post","link":"https:\/\/eldiariodesanpedro.com.ar\/sitio\/lanzamiento-del-portal-proveedores\/","title":{"rendered":"Lanzamiento del Portal Proveedores"},"content":{"rendered":"<p><!-- VideographyWP Plugin Message: Automatic video embedding prevented by plugin options. --><br \/>\n  La Direcci\u00f3n de Modernizaci\u00f3n en conjunto con la Direcci\u00f3n de Contadur\u00eda, pone a disposici\u00f3n en el sitio web municipal un portal de proveedores para dar seguimiento al circuito de pagos en tiempo real y descargar los comprobantes de retenciones correspondientes a los mismos. <\/p>\n<p>  Es requisito necesario el registro en la p\u00e1gina web, para luego solicitar la vinculaci\u00f3n de su legajo de proveedor enviando un correo electr\u00f3nico a oficinacontaduria@sanpedro.gob.ar indic\u00e1ndonos: Legajo, CUIT y Raz\u00f3n Social.<\/p>\n","protected":false},"excerpt":{"rendered":"<p>La Direcci\u00f3n de Modernizaci\u00f3n en conjunto con la Direcci\u00f3n de Contadur\u00eda, pone a disposici\u00f3n en el sitio web municipal un portal de proveedores para dar seguimiento al circuito de pagos en tiempo real y descargar los comprobantes de retenciones correspondientes a los mismos. Es requisito necesario el registro en la p\u00e1gina web, para luego solicitar [&hellip;]<\/p>\n","protected":false},"author":4,"featured_media":33007,"comment_status":"open","ping_status":"closed","sticky":false,"template":"","format":"standard","meta":{"om_disable_all_campaigns":false,"_jetpack_memberships_contains_paid_content":false,"footnotes":""},"categories":[101,2],"tags":[],"class_list":["post-33005","post","type-post","status-publish","format-standard","has-post-thumbnail","hentry","category-interes-general-locales","category-locales"],"aioseo_notices":[],"gutentor_comment":0,"jetpack_featured_media_url":"https:\/\/eldiariodesanpedro.com.ar\/sitio\/wp-content\/uploads\/2018\/05\/web-municipalidad-san-pedro.jpg","jetpack_shortlink":"https:\/\/wp.me\/p6RhLt-8Al","jetpack_sharing_enabled":true,"_links":{"self":[{"href":"https:\/\/eldiariodesanpedro.com.ar\/sitio\/wp-json\/wp\/v2\/posts\/33005","targetHints":{"allow":["GET"]}}],"collection":[{"href":"https:\/\/eldiariodesanpedro.com.ar\/sitio\/wp-json\/wp\/v2\/posts"}],"about":[{"href":"https:\/\/eldiariodesanpedro.com.ar\/sitio\/wp-json\/wp\/v2\/types\/post"}],"author":[{"embeddable":true,"href":"https:\/\/eldiariodesanpedro.com.ar\/sitio\/wp-json\/wp\/v2\/users\/4"}],"replies":[{"embeddable":true,"href":"https:\/\/eldiariodesanpedro.com.ar\/sitio\/wp-json\/wp\/v2\/comments?post=33005"}],"version-history":[{"count":1,"href":"https:\/\/eldiariodesanpedro.com.ar\/sitio\/wp-json\/wp\/v2\/posts\/33005\/revisions"}],"predecessor-version":[{"id":33008,"href":"https:\/\/eldiariodesanpedro.com.ar\/sitio\/wp-json\/wp\/v2\/posts\/33005\/revisions\/33008"}],"wp:featuredmedia":[{"embeddable":true,"href":"https:\/\/eldiariodesanpedro.com.ar\/sitio\/wp-json\/wp\/v2\/media\/33007"}],"wp:attachment":[{"href":"https:\/\/eldiariodesanpedro.com.ar\/sitio\/wp-json\/wp\/v2\/media?parent=33005"}],"wp:term":[{"taxonomy":"category","embeddable":true,"href":"https:\/\/eldiariodesanpedro.com.ar\/sitio\/wp-json\/wp\/v2\/categories?post=33005"},{"taxonomy":"post_tag","embeddable":true,"href":"https:\/\/eldiariodesanpedro.com.ar\/sitio\/wp-json\/wp\/v2\/tags?post=33005"}],"curies":[{"name":"wp","href":"https:\/\/api.w.org\/{rel}","templated":true}]}}