{"id":33001,"date":"2018-05-11T20:39:25","date_gmt":"2018-05-11T23:39:25","guid":{"rendered":"https:\/\/eldiariodesanpedro.com.ar\/sitio\/?p=33001"},"modified":"2018-05-11T20:39:25","modified_gmt":"2018-05-11T23:39:25","slug":"participacion-en-el-foro-de-tecnologia-aplicada-a-la-seguridad","status":"publish","type":"post","link":"https:\/\/eldiariodesanpedro.com.ar\/sitio\/participacion-en-el-foro-de-tecnologia-aplicada-a-la-seguridad\/","title":{"rendered":"Participaci\u00f3n en el Foro de Tecnolog\u00eda Aplicada a la Seguridad"},"content":{"rendered":"<p><!-- VideographyWP Plugin Message: Automatic video embedding prevented by plugin options. --><br \/>\n  La Municipalidad de Vicente L\u00f3pez con el apoyo de importantes empresas tecnol\u00f3gicas nacionales e internacionales organiz\u00f3 entre jueves y viernes el 1\u00ba Foro de Tecnolog\u00eda Aplicada a la Seguridad.<\/p>\n<p>  La Municipalidad de San Pedro fue invitada a los paneles y talleres dictados funcionarios y representantes de compa\u00f1\u00edas vinculadas con el tema en donde se expusieron novedades sobre herramientas que ya se est\u00e1n implementando y otras que se pretende ir sumando con el prop\u00f3sito de fortalecer con recursos tecnol\u00f3gicos el control y la prevenci\u00f3n del delito. El Secretario de Seguridad Eduardo Roleri, el Director de Modernizaci\u00f3n Hern\u00e1n Contreras y el Coordinador Policial Juan Carlos Ag\u00fcero, asistieron a este encuentro sumamente positivo para la b\u00fasqueda de mayores herramientas en un tema central en la gesti\u00f3n todos los municipios.<\/p>\n","protected":false},"excerpt":{"rendered":"<p>La Municipalidad de Vicente L\u00f3pez con el apoyo de importantes empresas tecnol\u00f3gicas nacionales e internacionales organiz\u00f3 entre jueves y viernes el 1\u00ba Foro de Tecnolog\u00eda Aplicada a la Seguridad. La Municipalidad de San Pedro fue invitada a los paneles y talleres dictados funcionarios y representantes de compa\u00f1\u00edas vinculadas con el tema en donde se expusieron [&hellip;]<\/p>\n","protected":false},"author":4,"featured_media":33002,"comment_status":"open","ping_status":"closed","sticky":false,"template":"","format":"standard","meta":{"om_disable_all_campaigns":false,"_jetpack_memberships_contains_paid_content":false,"footnotes":""},"categories":[101,2],"tags":[],"class_list":["post-33001","post","type-post","status-publish","format-standard","has-post-thumbnail","hentry","category-interes-general-locales","category-locales"],"aioseo_notices":[],"gutentor_comment":0,"jetpack_featured_media_url":"https:\/\/eldiariodesanpedro.com.ar\/sitio\/wp-content\/uploads\/2018\/05\/vicente-lopez-Foro-de-Tecnolog\u00eda-Aplicada-a-la-Seguridad.jpg","jetpack_shortlink":"https:\/\/wp.me\/p6RhLt-8Ah","jetpack_sharing_enabled":true,"_links":{"self":[{"href":"https:\/\/eldiariodesanpedro.com.ar\/sitio\/wp-json\/wp\/v2\/posts\/33001","targetHints":{"allow":["GET"]}}],"collection":[{"href":"https:\/\/eldiariodesanpedro.com.ar\/sitio\/wp-json\/wp\/v2\/posts"}],"about":[{"href":"https:\/\/eldiariodesanpedro.com.ar\/sitio\/wp-json\/wp\/v2\/types\/post"}],"author":[{"embeddable":true,"href":"https:\/\/eldiariodesanpedro.com.ar\/sitio\/wp-json\/wp\/v2\/users\/4"}],"replies":[{"embeddable":true,"href":"https:\/\/eldiariodesanpedro.com.ar\/sitio\/wp-json\/wp\/v2\/comments?post=33001"}],"version-history":[{"count":1,"href":"https:\/\/eldiariodesanpedro.com.ar\/sitio\/wp-json\/wp\/v2\/posts\/33001\/revisions"}],"predecessor-version":[{"id":33004,"href":"https:\/\/eldiariodesanpedro.com.ar\/sitio\/wp-json\/wp\/v2\/posts\/33001\/revisions\/33004"}],"wp:featuredmedia":[{"embeddable":true,"href":"https:\/\/eldiariodesanpedro.com.ar\/sitio\/wp-json\/wp\/v2\/media\/33002"}],"wp:attachment":[{"href":"https:\/\/eldiariodesanpedro.com.ar\/sitio\/wp-json\/wp\/v2\/media?parent=33001"}],"wp:term":[{"taxonomy":"category","embeddable":true,"href":"https:\/\/eldiariodesanpedro.com.ar\/sitio\/wp-json\/wp\/v2\/categories?post=33001"},{"taxonomy":"post_tag","embeddable":true,"href":"https:\/\/eldiariodesanpedro.com.ar\/sitio\/wp-json\/wp\/v2\/tags?post=33001"}],"curies":[{"name":"wp","href":"https:\/\/api.w.org\/{rel}","templated":true}]}}