{"id":32999,"date":"2018-05-11T20:39:20","date_gmt":"2018-05-11T23:39:20","guid":{"rendered":"https:\/\/eldiariodesanpedro.com.ar\/sitio\/?p=32999"},"modified":"2018-05-11T20:39:20","modified_gmt":"2018-05-11T23:39:20","slug":"operativos-y-recorridos-por-el-temporal","status":"publish","type":"post","link":"https:\/\/eldiariodesanpedro.com.ar\/sitio\/operativos-y-recorridos-por-el-temporal\/","title":{"rendered":"Operativos y recorridos por el temporal"},"content":{"rendered":"<p><!-- VideographyWP Plugin Message: Automatic video embedding prevented by plugin options. --><br \/>\n  La Municipalidad de San Pedro informa que se mantienen las guardias de todos los servicios tanto en la zona urbana, barrios y localidades del Partido para asistir a las familias que requieran ayuda ante la persistencia de las lluvias de los \u00faltimos d\u00edas. <\/p>\n<p>  En la jornada de ayer fueron asistidos vecinos con diferentes materiales y ante las solicitudes que pueden ser respondidas con la intervenci\u00f3n de alg\u00fan \u00e1rea municipal se instrumentan los medios para hacerlo. Desde el \u00e1rea de Servicios P\u00fablicos se revisan zonas con posibles anegamientos y adem\u00e1s se verifica el adecuado funcionamiento de obras que han sido realizadas recientemente y han mejorado las condiciones ante un fen\u00f3meno hist\u00f3rico como el que se registra. Como viene ocurriendo desde el comienzo de este fen\u00f3meno se centralizan los llamados en el 103.<\/p>\n","protected":false},"excerpt":{"rendered":"<p>La Municipalidad de San Pedro informa que se mantienen las guardias de todos los servicios tanto en la zona urbana, barrios y localidades del Partido para asistir a las familias que requieran ayuda ante la persistencia de las lluvias de los \u00faltimos d\u00edas. En la jornada de ayer fueron asistidos vecinos con diferentes materiales y [&hellip;]<\/p>\n","protected":false},"author":4,"featured_media":33000,"comment_status":"open","ping_status":"closed","sticky":false,"template":"","format":"standard","meta":{"om_disable_all_campaigns":false,"_jetpack_memberships_contains_paid_content":false,"footnotes":""},"categories":[2,102],"tags":[],"class_list":["post-32999","post","type-post","status-publish","format-standard","has-post-thumbnail","hentry","category-locales","category-politica-locales"],"aioseo_notices":[],"gutentor_comment":0,"jetpack_featured_media_url":"https:\/\/eldiariodesanpedro.com.ar\/sitio\/wp-content\/uploads\/2018\/05\/Operativos-y-recorridos-por-el-temporal.jpg","jetpack_shortlink":"https:\/\/wp.me\/p6RhLt-8Af","jetpack_sharing_enabled":true,"_links":{"self":[{"href":"https:\/\/eldiariodesanpedro.com.ar\/sitio\/wp-json\/wp\/v2\/posts\/32999","targetHints":{"allow":["GET"]}}],"collection":[{"href":"https:\/\/eldiariodesanpedro.com.ar\/sitio\/wp-json\/wp\/v2\/posts"}],"about":[{"href":"https:\/\/eldiariodesanpedro.com.ar\/sitio\/wp-json\/wp\/v2\/types\/post"}],"author":[{"embeddable":true,"href":"https:\/\/eldiariodesanpedro.com.ar\/sitio\/wp-json\/wp\/v2\/users\/4"}],"replies":[{"embeddable":true,"href":"https:\/\/eldiariodesanpedro.com.ar\/sitio\/wp-json\/wp\/v2\/comments?post=32999"}],"version-history":[{"count":1,"href":"https:\/\/eldiariodesanpedro.com.ar\/sitio\/wp-json\/wp\/v2\/posts\/32999\/revisions"}],"predecessor-version":[{"id":33003,"href":"https:\/\/eldiariodesanpedro.com.ar\/sitio\/wp-json\/wp\/v2\/posts\/32999\/revisions\/33003"}],"wp:featuredmedia":[{"embeddable":true,"href":"https:\/\/eldiariodesanpedro.com.ar\/sitio\/wp-json\/wp\/v2\/media\/33000"}],"wp:attachment":[{"href":"https:\/\/eldiariodesanpedro.com.ar\/sitio\/wp-json\/wp\/v2\/media?parent=32999"}],"wp:term":[{"taxonomy":"category","embeddable":true,"href":"https:\/\/eldiariodesanpedro.com.ar\/sitio\/wp-json\/wp\/v2\/categories?post=32999"},{"taxonomy":"post_tag","embeddable":true,"href":"https:\/\/eldiariodesanpedro.com.ar\/sitio\/wp-json\/wp\/v2\/tags?post=32999"}],"curies":[{"name":"wp","href":"https:\/\/api.w.org\/{rel}","templated":true}]}}