{"id":32995,"date":"2018-05-11T10:38:22","date_gmt":"2018-05-11T13:38:22","guid":{"rendered":"https:\/\/eldiariodesanpedro.com.ar\/sitio\/?p=32995"},"modified":"2018-05-11T10:38:22","modified_gmt":"2018-05-11T13:38:22","slug":"un-incendio-en-una-vivienda-por-un-corto-circuito","status":"publish","type":"post","link":"https:\/\/eldiariodesanpedro.com.ar\/sitio\/un-incendio-en-una-vivienda-por-un-corto-circuito\/","title":{"rendered":"Un incendio en una vivienda por un corto circuito"},"content":{"rendered":"<p><!-- VideographyWP Plugin Message: Automatic video embedding prevented by plugin options. --><br \/>\nEn la madrugada de este viernes alrededor de las 03:30 hs se produjo un incendio en una vivienda ubicada en calle Romulo Naon al 1100.<\/p>\n<p>En el lugar se hace presente una dotaci\u00f3n de Bomberos Voluntarios que logro sofocar el incendio r\u00e1pidamente, tras averiguaciones se se estableci\u00f3 que el mismo dio comienzo por un corto circuito en el interior  de una habitaci\u00f3n.<\/p>\n<p>Tras sofocar el fuego se pudo constatar que los habitantes de la misma no sufrieron heridas pero fueron trasladados por el servicio del SAME hasta el nosocomio local por ingesta de mon\u00f3xido siendo dados de alta r\u00e1pidamente. <\/p>\n<p>En el domicilio afectado se constato que los da\u00f1os fueron menores en el machimbre<\/p>\n","protected":false},"excerpt":{"rendered":"<p>En la madrugada de este viernes alrededor de las 03:30 hs se produjo un incendio en una vivienda ubicada en calle Romulo Naon al 1100. En el lugar se hace presente una dotaci\u00f3n de Bomberos Voluntarios que logro sofocar el incendio r\u00e1pidamente, tras averiguaciones se se estableci\u00f3 que el mismo dio comienzo por un corto [&hellip;]<\/p>\n","protected":false},"author":4,"featured_media":12173,"comment_status":"open","ping_status":"closed","sticky":false,"template":"","format":"standard","meta":{"om_disable_all_campaigns":false,"_jetpack_memberships_contains_paid_content":false,"footnotes":""},"categories":[2,103],"tags":[],"class_list":["post-32995","post","type-post","status-publish","format-standard","has-post-thumbnail","hentry","category-locales","category-policiales-locales"],"aioseo_notices":[],"gutentor_comment":0,"jetpack_featured_media_url":"https:\/\/eldiariodesanpedro.com.ar\/sitio\/wp-content\/uploads\/2016\/12\/Se-produjo-mientras-Bomberos-asist\u00eda-en-tareas-de-rescate.-.jpg","jetpack_shortlink":"https:\/\/wp.me\/p6RhLt-8Ab","jetpack_sharing_enabled":true,"_links":{"self":[{"href":"https:\/\/eldiariodesanpedro.com.ar\/sitio\/wp-json\/wp\/v2\/posts\/32995","targetHints":{"allow":["GET"]}}],"collection":[{"href":"https:\/\/eldiariodesanpedro.com.ar\/sitio\/wp-json\/wp\/v2\/posts"}],"about":[{"href":"https:\/\/eldiariodesanpedro.com.ar\/sitio\/wp-json\/wp\/v2\/types\/post"}],"author":[{"embeddable":true,"href":"https:\/\/eldiariodesanpedro.com.ar\/sitio\/wp-json\/wp\/v2\/users\/4"}],"replies":[{"embeddable":true,"href":"https:\/\/eldiariodesanpedro.com.ar\/sitio\/wp-json\/wp\/v2\/comments?post=32995"}],"version-history":[{"count":1,"href":"https:\/\/eldiariodesanpedro.com.ar\/sitio\/wp-json\/wp\/v2\/posts\/32995\/revisions"}],"predecessor-version":[{"id":32996,"href":"https:\/\/eldiariodesanpedro.com.ar\/sitio\/wp-json\/wp\/v2\/posts\/32995\/revisions\/32996"}],"wp:featuredmedia":[{"embeddable":true,"href":"https:\/\/eldiariodesanpedro.com.ar\/sitio\/wp-json\/wp\/v2\/media\/12173"}],"wp:attachment":[{"href":"https:\/\/eldiariodesanpedro.com.ar\/sitio\/wp-json\/wp\/v2\/media?parent=32995"}],"wp:term":[{"taxonomy":"category","embeddable":true,"href":"https:\/\/eldiariodesanpedro.com.ar\/sitio\/wp-json\/wp\/v2\/categories?post=32995"},{"taxonomy":"post_tag","embeddable":true,"href":"https:\/\/eldiariodesanpedro.com.ar\/sitio\/wp-json\/wp\/v2\/tags?post=32995"}],"curies":[{"name":"wp","href":"https:\/\/api.w.org\/{rel}","templated":true}]}}