{"id":32992,"date":"2018-05-11T10:27:02","date_gmt":"2018-05-11T13:27:02","guid":{"rendered":"https:\/\/eldiariodesanpedro.com.ar\/sitio\/?p=32992"},"modified":"2018-05-11T10:27:02","modified_gmt":"2018-05-11T13:27:02","slug":"le-prometio-un-trabajo-en-la-fiscalia-a-cambio-de-dinero","status":"publish","type":"post","link":"https:\/\/eldiariodesanpedro.com.ar\/sitio\/le-prometio-un-trabajo-en-la-fiscalia-a-cambio-de-dinero\/","title":{"rendered":"Le prometi\u00f3 un trabajo en la fiscal\u00eda a cambio de dinero"},"content":{"rendered":"<p><!-- VideographyWP Plugin Message: Automatic video embedding prevented by plugin options. --><br \/>\nEste jueves se recepcion\u00f3 la denuncia de una femenina de 22 a\u00f1os quien fue v\u00edctima del famoso cuento del t\u00edo, siendo encaminada por un sujeto masculino desde hace tres meses a la fecha prometi\u00e9ndole un puesto laboral en la Fiscal\u00eda Local.<\/p>\n<p>Teniendo en cuenta la tardanza la denunciante se hace presente en la fiscal\u00eda local para informarse sobre el supuesto puesto de trabajo donde le informan que no hab\u00eda ning\u00fan lugar vacante y que no estaban tomando empleados de ning\u00fan \u00edndole. <\/p>\n<p>Durante tres meses malviviente le sustrajo $7000, dicho dinero exigido a los fines de llevar a cabo los tramites de inscripci\u00f3n. <\/p>\n","protected":false},"excerpt":{"rendered":"<p>Este jueves se recepcion\u00f3 la denuncia de una femenina de 22 a\u00f1os quien fue v\u00edctima del famoso cuento del t\u00edo, siendo encaminada por un sujeto masculino desde hace tres meses a la fecha prometi\u00e9ndole un puesto laboral en la Fiscal\u00eda Local. Teniendo en cuenta la tardanza la denunciante se hace presente en la fiscal\u00eda local [&hellip;]<\/p>\n","protected":false},"author":4,"featured_media":32993,"comment_status":"open","ping_status":"closed","sticky":false,"template":"","format":"standard","meta":{"om_disable_all_campaigns":false,"_jetpack_memberships_contains_paid_content":false,"footnotes":""},"categories":[2,103],"tags":[],"class_list":["post-32992","post","type-post","status-publish","format-standard","has-post-thumbnail","hentry","category-locales","category-policiales-locales"],"aioseo_notices":[],"gutentor_comment":0,"jetpack_featured_media_url":"https:\/\/eldiariodesanpedro.com.ar\/sitio\/wp-content\/uploads\/2018\/05\/fiscalia_0.jpg","jetpack_shortlink":"https:\/\/wp.me\/p6RhLt-8A8","jetpack_sharing_enabled":true,"_links":{"self":[{"href":"https:\/\/eldiariodesanpedro.com.ar\/sitio\/wp-json\/wp\/v2\/posts\/32992","targetHints":{"allow":["GET"]}}],"collection":[{"href":"https:\/\/eldiariodesanpedro.com.ar\/sitio\/wp-json\/wp\/v2\/posts"}],"about":[{"href":"https:\/\/eldiariodesanpedro.com.ar\/sitio\/wp-json\/wp\/v2\/types\/post"}],"author":[{"embeddable":true,"href":"https:\/\/eldiariodesanpedro.com.ar\/sitio\/wp-json\/wp\/v2\/users\/4"}],"replies":[{"embeddable":true,"href":"https:\/\/eldiariodesanpedro.com.ar\/sitio\/wp-json\/wp\/v2\/comments?post=32992"}],"version-history":[{"count":1,"href":"https:\/\/eldiariodesanpedro.com.ar\/sitio\/wp-json\/wp\/v2\/posts\/32992\/revisions"}],"predecessor-version":[{"id":32994,"href":"https:\/\/eldiariodesanpedro.com.ar\/sitio\/wp-json\/wp\/v2\/posts\/32992\/revisions\/32994"}],"wp:featuredmedia":[{"embeddable":true,"href":"https:\/\/eldiariodesanpedro.com.ar\/sitio\/wp-json\/wp\/v2\/media\/32993"}],"wp:attachment":[{"href":"https:\/\/eldiariodesanpedro.com.ar\/sitio\/wp-json\/wp\/v2\/media?parent=32992"}],"wp:term":[{"taxonomy":"category","embeddable":true,"href":"https:\/\/eldiariodesanpedro.com.ar\/sitio\/wp-json\/wp\/v2\/categories?post=32992"},{"taxonomy":"post_tag","embeddable":true,"href":"https:\/\/eldiariodesanpedro.com.ar\/sitio\/wp-json\/wp\/v2\/tags?post=32992"}],"curies":[{"name":"wp","href":"https:\/\/api.w.org\/{rel}","templated":true}]}}