{"id":3299,"date":"2016-04-16T16:40:00","date_gmt":"2016-04-16T19:40:00","guid":{"rendered":"https:\/\/eldiariodesanpedro.com.ar\/sitio\/?p=3299"},"modified":"2016-04-16T16:54:13","modified_gmt":"2016-04-16T19:54:13","slug":"ni-las-lluvia-los-para-tres-demorados-en-estado-de-ebriedad","status":"publish","type":"post","link":"https:\/\/eldiariodesanpedro.com.ar\/sitio\/ni-las-lluvia-los-para-tres-demorados-en-estado-de-ebriedad\/","title":{"rendered":"Ni las lluvia los para, tres demorados en estado de ebriedad"},"content":{"rendered":"<p><!-- VideographyWP Plugin Message: Automatic video embedding prevented by plugin options. --><br \/>\nDurante la madrugada de hoy a pesar de las lluvias se produjeron varios hechos con personas en estado de ebriedad, el primero tuvo lugar en calle Balcarce al 800, se procedi\u00f3 al traslado de un joven de 26 a\u00f1os de edad quien estaba provocando disturbios en la v\u00eda publica.<br \/>\nEl segundo hecho ocurri\u00f3 promediando la 01:00 hs del S\u00e1bado en las inmediaciones de Av. 3 de Febrero y Av. Sarmiento, un muchacho de 24 a\u00f1os de edad fue trasladado a la comisario por encontrarse provocando disturbios en la v\u00eda publica.<br \/>\nPor ultimo un joven de 18 a\u00f1os de edad que se encontraba en un critico estado de ebriedad fue tambi\u00e9n trasladado a la comisaria por tambi\u00e9n al igual que los dos anteriores encontrarse provocando disturbios en la v\u00eda publica. A los 3 j\u00f3venes se les labraron actuaciones con intervenci\u00f3n del Juzgado de Paz de San Pedro.<\/p>\n","protected":false},"excerpt":{"rendered":"<p>Durante la madrugada de hoy a pesar de las lluvias se produjeron varios hechos con personas en estado de ebriedad, el primero tuvo lugar en calle Balcarce al 800, se procedi\u00f3 al traslado de un joven de 26 a\u00f1os de edad quien estaba provocando disturbios en la v\u00eda publica. El segundo hecho ocurri\u00f3 promediando la [&hellip;]<\/p>\n","protected":false},"author":4,"featured_media":3303,"comment_status":"open","ping_status":"closed","sticky":false,"template":"","format":"standard","meta":{"om_disable_all_campaigns":false,"_jetpack_memberships_contains_paid_content":false,"footnotes":""},"categories":[50,101,2],"tags":[574,575,19],"class_list":["post-3299","post","type-post","status-publish","format-standard","has-post-thumbnail","hentry","category-destacadas","category-interes-general-locales","category-locales","tag-demorados","tag-ebrios","tag-san-pedro"],"aioseo_notices":[],"gutentor_comment":0,"jetpack_featured_media_url":"https:\/\/eldiariodesanpedro.com.ar\/sitio\/wp-content\/uploads\/2016\/04\/borrachos-1.jpg","jetpack_shortlink":"https:\/\/wp.me\/p6RhLt-Rd","jetpack_sharing_enabled":true,"_links":{"self":[{"href":"https:\/\/eldiariodesanpedro.com.ar\/sitio\/wp-json\/wp\/v2\/posts\/3299","targetHints":{"allow":["GET"]}}],"collection":[{"href":"https:\/\/eldiariodesanpedro.com.ar\/sitio\/wp-json\/wp\/v2\/posts"}],"about":[{"href":"https:\/\/eldiariodesanpedro.com.ar\/sitio\/wp-json\/wp\/v2\/types\/post"}],"author":[{"embeddable":true,"href":"https:\/\/eldiariodesanpedro.com.ar\/sitio\/wp-json\/wp\/v2\/users\/4"}],"replies":[{"embeddable":true,"href":"https:\/\/eldiariodesanpedro.com.ar\/sitio\/wp-json\/wp\/v2\/comments?post=3299"}],"version-history":[{"count":1,"href":"https:\/\/eldiariodesanpedro.com.ar\/sitio\/wp-json\/wp\/v2\/posts\/3299\/revisions"}],"predecessor-version":[{"id":3301,"href":"https:\/\/eldiariodesanpedro.com.ar\/sitio\/wp-json\/wp\/v2\/posts\/3299\/revisions\/3301"}],"wp:featuredmedia":[{"embeddable":true,"href":"https:\/\/eldiariodesanpedro.com.ar\/sitio\/wp-json\/wp\/v2\/media\/3303"}],"wp:attachment":[{"href":"https:\/\/eldiariodesanpedro.com.ar\/sitio\/wp-json\/wp\/v2\/media?parent=3299"}],"wp:term":[{"taxonomy":"category","embeddable":true,"href":"https:\/\/eldiariodesanpedro.com.ar\/sitio\/wp-json\/wp\/v2\/categories?post=3299"},{"taxonomy":"post_tag","embeddable":true,"href":"https:\/\/eldiariodesanpedro.com.ar\/sitio\/wp-json\/wp\/v2\/tags?post=3299"}],"curies":[{"name":"wp","href":"https:\/\/api.w.org\/{rel}","templated":true}]}}