{"id":32987,"date":"2018-05-11T10:02:30","date_gmt":"2018-05-11T13:02:30","guid":{"rendered":"https:\/\/eldiariodesanpedro.com.ar\/sitio\/?p=32987"},"modified":"2018-05-11T10:02:30","modified_gmt":"2018-05-11T13:02:30","slug":"una-mujer-hospitalizada-tras-ser-golpeada-por-su-pareja","status":"publish","type":"post","link":"https:\/\/eldiariodesanpedro.com.ar\/sitio\/una-mujer-hospitalizada-tras-ser-golpeada-por-su-pareja\/","title":{"rendered":"Una mujer hospitalizada tras ser golpeada por su pareja"},"content":{"rendered":"<p><!-- VideographyWP Plugin Message: Automatic video embedding prevented by plugin options. --><br \/>\nNuevamente un caso de violencia de genero en nuestra ciudad, luego de los dos femicidios ocurridos la sociedad no toma conciencia.<\/p>\n<p>En esta ocasi\u00f3n el personal policial se hizo presente en una vivienda ubicada en calle Casella al 1800 tras comunicarse la victima al 911, los efectivos presentes en el lugar procedieron a la aprehensi\u00f3n de un hombre de 34 a\u00f1os el cual al momento de la llegada del m\u00f3vil policial esta persona se encontraba golpeando a su pareja de 31 a\u00f1os la cual debi\u00f3 ser hospitalizada tras la golpiza recibida.<\/p>\n<p>Este hombre fue trasladado por los uniformados hasta la comisaria local donde permanece alojado y donde estar\u00e1 hasta declarar en la fiscal\u00eda.<\/p>\n","protected":false},"excerpt":{"rendered":"<p>Nuevamente un caso de violencia de genero en nuestra ciudad, luego de los dos femicidios ocurridos la sociedad no toma conciencia. En esta ocasi\u00f3n el personal policial se hizo presente en una vivienda ubicada en calle Casella al 1800 tras comunicarse la victima al 911, los efectivos presentes en el lugar procedieron a la aprehensi\u00f3n [&hellip;]<\/p>\n","protected":false},"author":4,"featured_media":10486,"comment_status":"open","ping_status":"closed","sticky":false,"template":"","format":"standard","meta":{"om_disable_all_campaigns":false,"_jetpack_memberships_contains_paid_content":false,"footnotes":""},"categories":[2,103],"tags":[],"class_list":["post-32987","post","type-post","status-publish","format-standard","has-post-thumbnail","hentry","category-locales","category-policiales-locales"],"aioseo_notices":[],"gutentor_comment":0,"jetpack_featured_media_url":"https:\/\/eldiariodesanpedro.com.ar\/sitio\/wp-content\/uploads\/2016\/11\/violencia-de-genero.jpg","jetpack_shortlink":"https:\/\/wp.me\/p6RhLt-8A3","jetpack_sharing_enabled":true,"_links":{"self":[{"href":"https:\/\/eldiariodesanpedro.com.ar\/sitio\/wp-json\/wp\/v2\/posts\/32987","targetHints":{"allow":["GET"]}}],"collection":[{"href":"https:\/\/eldiariodesanpedro.com.ar\/sitio\/wp-json\/wp\/v2\/posts"}],"about":[{"href":"https:\/\/eldiariodesanpedro.com.ar\/sitio\/wp-json\/wp\/v2\/types\/post"}],"author":[{"embeddable":true,"href":"https:\/\/eldiariodesanpedro.com.ar\/sitio\/wp-json\/wp\/v2\/users\/4"}],"replies":[{"embeddable":true,"href":"https:\/\/eldiariodesanpedro.com.ar\/sitio\/wp-json\/wp\/v2\/comments?post=32987"}],"version-history":[{"count":1,"href":"https:\/\/eldiariodesanpedro.com.ar\/sitio\/wp-json\/wp\/v2\/posts\/32987\/revisions"}],"predecessor-version":[{"id":32988,"href":"https:\/\/eldiariodesanpedro.com.ar\/sitio\/wp-json\/wp\/v2\/posts\/32987\/revisions\/32988"}],"wp:featuredmedia":[{"embeddable":true,"href":"https:\/\/eldiariodesanpedro.com.ar\/sitio\/wp-json\/wp\/v2\/media\/10486"}],"wp:attachment":[{"href":"https:\/\/eldiariodesanpedro.com.ar\/sitio\/wp-json\/wp\/v2\/media?parent=32987"}],"wp:term":[{"taxonomy":"category","embeddable":true,"href":"https:\/\/eldiariodesanpedro.com.ar\/sitio\/wp-json\/wp\/v2\/categories?post=32987"},{"taxonomy":"post_tag","embeddable":true,"href":"https:\/\/eldiariodesanpedro.com.ar\/sitio\/wp-json\/wp\/v2\/tags?post=32987"}],"curies":[{"name":"wp","href":"https:\/\/api.w.org\/{rel}","templated":true}]}}