{"id":32980,"date":"2018-05-10T21:13:16","date_gmt":"2018-05-11T00:13:16","guid":{"rendered":"https:\/\/eldiariodesanpedro.com.ar\/sitio\/?p=32980"},"modified":"2026-01-24T00:13:41","modified_gmt":"2026-01-24T03:13:41","slug":"cadu-campeon-fue-figura-el-sampedrino-andres-franzoia-quien-convirtio-dos-goles-ante-dock-sud","status":"publish","type":"post","link":"https:\/\/eldiariodesanpedro.com.ar\/sitio\/cadu-campeon-fue-figura-el-sampedrino-andres-franzoia-quien-convirtio-dos-goles-ante-dock-sud\/","title":{"rendered":"CADU CAMPE\u00d3N: Fue figura el sampedrino Andr\u00e9s Franzoia quien convirti\u00f3 dos goles ante Dock Sud"},"content":{"rendered":"<p><!-- VideographyWP Plugin Message: Automatic video embedding prevented by plugin options. --><br \/>\n  Por el Campeonato de Primera Divisi\u00f3n \u00abC\u00bb temporada 2017-\u00b418 CADU se consagr\u00f3 campe\u00f3n y ascendi\u00f3 a la B Metro, luego de sacar una ventaja inalcanzable para Central C\u00f3rdoba de Rosario a una fecha del final. Andr\u00e9s Franzoia convirti\u00f3 para la alegr\u00eda de toda una ciudad por duplicado (el primero tiro cruzado, al segundo palo de Budi\u00f1o y el segundo de cabeza), luego estir\u00f3 la diferencia Maximiliano Carnelutto. Fue ante Sportivo Dock Sud (3 a 1 el final), equipo donde ataja el sampedrino Mat\u00edas Budi\u00f1o, quien rechaz\u00f3 un tiro penal a Gonzalo Ritaco en la etapa inicial y tuvo dos expulsados la visita, Claudio Greco y Leonel Barrios.<\/p>\n<p>  Andr\u00e9s Franzoia fue una de las figuras, dejando la cancha a pocos minutos del final y despedido con una estruendosa ovaci\u00f3n. El cotejo se jug\u00f3 ante un estadio completo en Villa Fox que festej\u00f3 en la cancha y luego traslad\u00e1ndose a toda la ciudad que se visti\u00f3 de color celeste. CADU logr\u00f3 coronarse despu\u00e9s de 24 a\u00f1os. <\/p>\n<p>  Defensores Unidos sum\u00f3 el d\u00e9cimo primer encuentro sin perder, con nueve triunfos y dos empates, como local cosech\u00f3 la decimoprimera presentaci\u00f3n sin ca\u00eddas, con siete victorias y tres igualdades.<\/p>\n","protected":false},"excerpt":{"rendered":"<p>Por el Campeonato de Primera Divisi\u00f3n \u00abC\u00bb temporada 2017-\u00b418 CADU se consagr\u00f3 campe\u00f3n y ascendi\u00f3 a la B Metro, luego de sacar una ventaja inalcanzable para Central C\u00f3rdoba de Rosario a una fecha del final. Andr\u00e9s Franzoia convirti\u00f3 para la alegr\u00eda de toda una ciudad por duplicado (el primero tiro cruzado, al segundo palo de [&hellip;]<\/p>\n","protected":false},"author":4,"featured_media":32983,"comment_status":"open","ping_status":"closed","sticky":false,"template":"","format":"standard","meta":{"om_disable_all_campaigns":false,"_jetpack_memberships_contains_paid_content":false,"footnotes":""},"categories":[5],"tags":[],"class_list":["post-32980","post","type-post","status-publish","format-standard","has-post-thumbnail","hentry","category-deportes"],"aioseo_notices":[],"gutentor_comment":0,"jetpack_featured_media_url":"https:\/\/eldiariodesanpedro.com.ar\/sitio\/wp-content\/uploads\/2018\/05\/Andr\u00e9s-Franzoia.jpg","jetpack_shortlink":"https:\/\/wp.me\/p6RhLt-8zW","jetpack_sharing_enabled":true,"_links":{"self":[{"href":"https:\/\/eldiariodesanpedro.com.ar\/sitio\/wp-json\/wp\/v2\/posts\/32980","targetHints":{"allow":["GET"]}}],"collection":[{"href":"https:\/\/eldiariodesanpedro.com.ar\/sitio\/wp-json\/wp\/v2\/posts"}],"about":[{"href":"https:\/\/eldiariodesanpedro.com.ar\/sitio\/wp-json\/wp\/v2\/types\/post"}],"author":[{"embeddable":true,"href":"https:\/\/eldiariodesanpedro.com.ar\/sitio\/wp-json\/wp\/v2\/users\/4"}],"replies":[{"embeddable":true,"href":"https:\/\/eldiariodesanpedro.com.ar\/sitio\/wp-json\/wp\/v2\/comments?post=32980"}],"version-history":[{"count":1,"href":"https:\/\/eldiariodesanpedro.com.ar\/sitio\/wp-json\/wp\/v2\/posts\/32980\/revisions"}],"predecessor-version":[{"id":32985,"href":"https:\/\/eldiariodesanpedro.com.ar\/sitio\/wp-json\/wp\/v2\/posts\/32980\/revisions\/32985"}],"wp:featuredmedia":[{"embeddable":true,"href":"https:\/\/eldiariodesanpedro.com.ar\/sitio\/wp-json\/wp\/v2\/media\/32983"}],"wp:attachment":[{"href":"https:\/\/eldiariodesanpedro.com.ar\/sitio\/wp-json\/wp\/v2\/media?parent=32980"}],"wp:term":[{"taxonomy":"category","embeddable":true,"href":"https:\/\/eldiariodesanpedro.com.ar\/sitio\/wp-json\/wp\/v2\/categories?post=32980"},{"taxonomy":"post_tag","embeddable":true,"href":"https:\/\/eldiariodesanpedro.com.ar\/sitio\/wp-json\/wp\/v2\/tags?post=32980"}],"curies":[{"name":"wp","href":"https:\/\/api.w.org\/{rel}","templated":true}]}}