{"id":32978,"date":"2018-05-10T21:10:29","date_gmt":"2018-05-11T00:10:29","guid":{"rendered":"https:\/\/eldiariodesanpedro.com.ar\/sitio\/?p=32978"},"modified":"2026-01-24T00:13:41","modified_gmt":"2026-01-24T03:13:41","slug":"boxeo-manana-programa-de-aficionados-en-banfield","status":"publish","type":"post","link":"https:\/\/eldiariodesanpedro.com.ar\/sitio\/boxeo-manana-programa-de-aficionados-en-banfield\/","title":{"rendered":"BOXEO: Ma\u00f1ana programa de aficionados en Banfield"},"content":{"rendered":"<p><!-- VideographyWP Plugin Message: Automatic video embedding prevented by plugin options. --><br \/>\nDesde las 21.30 hs., se anuncia una amplia cartelera de peleas amateur en las instalaciones del Club Banfield (11 de setiembre y Aul\u00ed) entre p\u00fagiles locales y de la zona, siendo los siguientes:<\/p>\n<p><strong>Programa de peleas <\/strong><br \/>\nEnzo Mas\u00e9 (Banfield) vs. Tob\u00edas \u00c1lvarez (Gym Valhalla box)<br \/>\nFacundo Mart\u00edn (Banfield) vs. Tom\u00e1s Be (Gym Valhalla box)<br \/>\nAgust\u00edn Oggier (Gym Pato Box) vs. Uriel Ferreira (Tablense)<br \/>\nTob\u00edas Calveras (Banfield) vs. Federico Fern\u00e1ndez (La Emilia)<br \/>\nDiego Cislo (Gym Pato Box) vs. Braian Bonici (Villa Constituci\u00f3n)<br \/>\nBel\u00e9n Pedraza (Gym Valhalla box) vs. Antonela Lescano (La Emilia)<br \/>\nGonzalo Panelo (Banfield) vs. Lautaro Bueno (Gym Bushido)<br \/>\nLaureano Uviedo (Banfield) vs. Mat\u00edas Tesey (Gym Bushido)<br \/>\nKaren Salom\u00f3n (Gym Valhalla box) vs. Yesica Mart\u00ednez (La Emilia)<br \/>\nKevin Castelusi (Baradero) vs. Agust\u00edn Basaga (La Emilia)<br \/>\nDiego Longueira (Gym Valhalla box) vs. Agust\u00edn Cao (Vargas box)<br \/>\nJes\u00fas Ayala (Villa Constituci\u00f3n) vs. Ezequiel Ojeda (Gym Bushido)   <\/p>\n<p><em>Semifondo<\/em><br \/>\nEmiliano Borda (Banfield) vs. Jonathan Garay (Gym Pato box)<\/p>\n<p><em>Fondo<\/em><br \/>\nNicol\u00e1s Romero (Banfield) vs. Mateo Soto (Gym Bushido)   <\/p>\n","protected":false},"excerpt":{"rendered":"<p>Desde las 21.30 hs., se anuncia una amplia cartelera de peleas amateur en las instalaciones del Club Banfield (11 de setiembre y Aul\u00ed) entre p\u00fagiles locales y de la zona, siendo los siguientes: Programa de peleas Enzo Mas\u00e9 (Banfield) vs. Tob\u00edas \u00c1lvarez (Gym Valhalla box) Facundo Mart\u00edn (Banfield) vs. Tom\u00e1s Be (Gym Valhalla box) Agust\u00edn [&hellip;]<\/p>\n","protected":false},"author":4,"featured_media":5515,"comment_status":"open","ping_status":"closed","sticky":false,"template":"","format":"standard","meta":{"om_disable_all_campaigns":false,"_jetpack_memberships_contains_paid_content":false,"footnotes":""},"categories":[5],"tags":[],"class_list":["post-32978","post","type-post","status-publish","format-standard","has-post-thumbnail","hentry","category-deportes"],"aioseo_notices":[],"gutentor_comment":0,"jetpack_featured_media_url":"https:\/\/eldiariodesanpedro.com.ar\/sitio\/wp-content\/uploads\/2016\/06\/boxeo.jpg","jetpack_shortlink":"https:\/\/wp.me\/p6RhLt-8zU","jetpack_sharing_enabled":true,"_links":{"self":[{"href":"https:\/\/eldiariodesanpedro.com.ar\/sitio\/wp-json\/wp\/v2\/posts\/32978","targetHints":{"allow":["GET"]}}],"collection":[{"href":"https:\/\/eldiariodesanpedro.com.ar\/sitio\/wp-json\/wp\/v2\/posts"}],"about":[{"href":"https:\/\/eldiariodesanpedro.com.ar\/sitio\/wp-json\/wp\/v2\/types\/post"}],"author":[{"embeddable":true,"href":"https:\/\/eldiariodesanpedro.com.ar\/sitio\/wp-json\/wp\/v2\/users\/4"}],"replies":[{"embeddable":true,"href":"https:\/\/eldiariodesanpedro.com.ar\/sitio\/wp-json\/wp\/v2\/comments?post=32978"}],"version-history":[{"count":2,"href":"https:\/\/eldiariodesanpedro.com.ar\/sitio\/wp-json\/wp\/v2\/posts\/32978\/revisions"}],"predecessor-version":[{"id":32984,"href":"https:\/\/eldiariodesanpedro.com.ar\/sitio\/wp-json\/wp\/v2\/posts\/32978\/revisions\/32984"}],"wp:featuredmedia":[{"embeddable":true,"href":"https:\/\/eldiariodesanpedro.com.ar\/sitio\/wp-json\/wp\/v2\/media\/5515"}],"wp:attachment":[{"href":"https:\/\/eldiariodesanpedro.com.ar\/sitio\/wp-json\/wp\/v2\/media?parent=32978"}],"wp:term":[{"taxonomy":"category","embeddable":true,"href":"https:\/\/eldiariodesanpedro.com.ar\/sitio\/wp-json\/wp\/v2\/categories?post=32978"},{"taxonomy":"post_tag","embeddable":true,"href":"https:\/\/eldiariodesanpedro.com.ar\/sitio\/wp-json\/wp\/v2\/tags?post=32978"}],"curies":[{"name":"wp","href":"https:\/\/api.w.org\/{rel}","templated":true}]}}